{"id":3436,"date":"2016-03-02T09:51:07","date_gmt":"2016-03-02T08:51:07","guid":{"rendered":"http:\/\/www.salgotarjan.hu\/?p=3436"},"modified":"2019-04-21T12:13:50","modified_gmt":"2019-04-21T10:13:50","slug":"tajekoztato-az-epitmenyadot-erinto-valtozasokrol","status":"publish","type":"post","link":"https:\/\/www.salgotarjan.hu\/?p=3436","title":{"rendered":"T\u00e1j\u00e9koztat\u00f3 az \u00e9p\u00edtm\u00e9nyad\u00f3t \u00e9rint\u0151 v\u00e1ltoz\u00e1sokr\u00f3l"},"content":{"rendered":"<p><strong>Tisztelt Ad\u00f3z\u00f3k!<\/strong><\/p>\n<p>T\u00e1j\u00e9koztatjuk \u00d6n\u00f6ket, hogy Salg\u00f3tarj\u00e1n Megyei jog\u00fa V\u00e1ros K\u00f6zgy\u0171l\u00e9s\u00e9nek 39\/2015. (XI.27.) sz. \u00f6nkorm\u00e1nyzati rendelete \u00e9rtelm\u00e9ben, 2016. janu\u00e1r 1. napj\u00e1t\u00f3l m\u00f3dosultak az \u00e9p\u00edtm\u00e9nyad\u00f3 m\u00e9rt\u00e9kei.<\/p>\n<p>A v\u00e1ltoz\u00e1s ad\u00f3z\u00f3ink sz\u00e1m\u00e1ra nem jelent t\u00f6bblet adminisztr\u00e1ci\u00f3t, ad\u00f3bevall\u00e1si k\u00f6telezetts\u00e9g tov\u00e1bbra is csak az ad\u00f3 alapj\u00e1ban bek\u00f6vetkezett v\u00e1ltoz\u00e1sok eset\u00e9n \u00e1llt fenn. Az \u00e9p\u00edtm\u00e9nyad\u00f3 els\u0151 f\u00e9l\u00e9vi \u00f6sszeg\u00e9t m\u00e1r az ez \u00e9vben hat\u00e1lyos ad\u00f3m\u00e9rt\u00e9kek alapj\u00e1n kell megfizetni, amelyr\u0151l az Ad\u00f3hat\u00f3s\u00e1gi Iroda (a napokban kipost\u00e1zott) hat\u00e1rozattal \u00e9rtes\u00edti \u00d6n\u00f6ket. A befizet\u00e9st a hat\u00e1rozatban foglaltak szerint, a joger\u0151re emelked\u00e9st k\u00f6vet\u0151 15 napon bel\u00fcl kell teljes\u00edteni.<\/p>\n<p>Befizet\u00e9seiket az eddig is rendelkez\u00e9s\u00fckre \u00e1ll\u00f3 lehet\u0151s\u00e9geken k\u00edv\u00fcl, teljes\u00edthetik az Ad\u00f3hat\u00f3s\u00e1gi Irod\u00e1n elhelyezett POS termin\u00e1lokr\u00f3l, <a href=\"http:\/\/www.salgotarjan.hu\/?page_id=1417\">online bankk\u00e1rty\u00e1s befizet\u00e9ssel<\/a>, illetve a kipost\u00e1zott csekkeken tal\u00e1lhat\u00f3 QR k\u00f3dok beolvas\u00e1s\u00e1val &#8211; okostelefon seg\u00edts\u00e9g\u00e9vel &#8211; amennyiben internetes v\u00e1s\u00e1rl\u00e1sra alkalmas bankk\u00e1rty\u00e1val rendelkeznek. <\/p>\n<p>V\u00e1rosunk m\u0171k\u00f6dtet\u00e9s\u00e9nek sz\u00ednvonala nagym\u00e9rt\u00e9kben f\u00fcgg a helyi ad\u00f3, ezen bel\u00fcl az \u00e9p\u00edtm\u00e9nyad\u00f3 befizet\u00e9s\u00e9t\u0151l, ez\u00e9rt mindannyiunk sz\u00e1m\u00e1ra fontos az ad\u00f3fizet\u00e9si k\u00f6telezetts\u00e9g hat\u00e1rid\u0151ben t\u00f6rt\u00e9n\u0151 teljes\u00edt\u00e9se.<\/p>\n<p><strong>T\u00f3thn\u00e9 dr. Kerekes Andrea<\/strong> sk.<br \/>\njegyz\u0151<\/p>\n","protected":false},"excerpt":{"rendered":"<p>Tisztelt Ad\u00f3z\u00f3k! T\u00e1j\u00e9koztatjuk \u00d6n\u00f6ket, hogy Salg\u00f3tarj\u00e1n Megyei jog\u00fa V\u00e1ros K\u00f6zgy\u0171l\u00e9s\u00e9nek 39\/2015. (XI.27.) sz. \u00f6nkorm\u00e1nyzati rendelete \u00e9rtelm\u00e9ben, 2016. janu\u00e1r 1. napj\u00e1t\u00f3l m\u00f3dosultak az \u00e9p\u00edtm\u00e9nyad\u00f3 m\u00e9rt\u00e9kei. A v\u00e1ltoz\u00e1s ad\u00f3z\u00f3ink sz\u00e1m\u00e1ra nem jelent t\u00f6bblet adminisztr\u00e1ci\u00f3t, ad\u00f3bevall\u00e1si k\u00f6telezetts\u00e9g tov\u00e1bbra is csak az ad\u00f3 alapj\u00e1ban bek\u00f6vetkezett v\u00e1ltoz\u00e1sok eset\u00e9n \u00e1llt fenn. Az \u00e9p\u00edtm\u00e9nyad\u00f3 els\u0151 f\u00e9l\u00e9vi \u00f6sszeg\u00e9t m\u00e1r az ez \u00e9vben hat\u00e1lyos &#8230; <a title=\"T\u00e1j\u00e9koztat\u00f3 az \u00e9p\u00edtm\u00e9nyad\u00f3t \u00e9rint\u0151 v\u00e1ltoz\u00e1sokr\u00f3l\" class=\"read-more\" href=\"https:\/\/www.salgotarjan.hu\/?p=3436\" aria-label=\"Read more about T\u00e1j\u00e9koztat\u00f3 az \u00e9p\u00edtm\u00e9nyad\u00f3t \u00e9rint\u0151 v\u00e1ltoz\u00e1sokr\u00f3l\">Olvass tov\u00e1bb<\/a><\/p>\n","protected":false},"author":7,"featured_media":0,"comment_status":"closed","ping_status":"closed","sticky":false,"template":"","format":"standard","meta":{"footnotes":""},"categories":[1,10],"tags":[],"class_list":["post-3436","post","type-post","status-publish","format-standard","hentry","category-egyebek","category-hirek-aktualitasok"],"_links":{"self":[{"href":"https:\/\/www.salgotarjan.hu\/index.php?rest_route=\/wp\/v2\/posts\/3436","targetHints":{"allow":["GET"]}}],"collection":[{"href":"https:\/\/www.salgotarjan.hu\/index.php?rest_route=\/wp\/v2\/posts"}],"about":[{"href":"https:\/\/www.salgotarjan.hu\/index.php?rest_route=\/wp\/v2\/types\/post"}],"author":[{"embeddable":true,"href":"https:\/\/www.salgotarjan.hu\/index.php?rest_route=\/wp\/v2\/users\/7"}],"replies":[{"embeddable":true,"href":"https:\/\/www.salgotarjan.hu\/index.php?rest_route=%2Fwp%2Fv2%2Fcomments&post=3436"}],"version-history":[{"count":2,"href":"https:\/\/www.salgotarjan.hu\/index.php?rest_route=\/wp\/v2\/posts\/3436\/revisions"}],"predecessor-version":[{"id":3438,"href":"https:\/\/www.salgotarjan.hu\/index.php?rest_route=\/wp\/v2\/posts\/3436\/revisions\/3438"}],"wp:attachment":[{"href":"https:\/\/www.salgotarjan.hu\/index.php?rest_route=%2Fwp%2Fv2%2Fmedia&parent=3436"}],"wp:term":[{"taxonomy":"category","embeddable":true,"href":"https:\/\/www.salgotarjan.hu\/index.php?rest_route=%2Fwp%2Fv2%2Fcategories&post=3436"},{"taxonomy":"post_tag","embeddable":true,"href":"https:\/\/www.salgotarjan.hu\/index.php?rest_route=%2Fwp%2Fv2%2Ftags&post=3436"}],"curies":[{"name":"wp","href":"https:\/\/api.w.org\/{rel}","templated":true}]}}