{"id":3397,"date":"2016-03-06T06:00:59","date_gmt":"2016-03-06T05:00:59","guid":{"rendered":"http:\/\/www.salgotarjan.hu\/?p=3397"},"modified":"2019-04-21T12:13:50","modified_gmt":"2019-04-21T10:13:50","slug":"hazhoz-jonnek-a-rendorok","status":"publish","type":"post","link":"https:\/\/www.salgotarjan.hu\/?p=3397","title":{"rendered":"H\u00e1zhoz j\u00f6nnek a rend\u0151r\u00f6k"},"content":{"rendered":"<p>Folytat\u00f3dik a N\u00f3gr\u00e1d Megyei Rend\u0151r-f\u0151kapit\u00e1nys\u00e1g \u201eH\u00e1zhoz megy\u00fcnk\u201d programja. A b\u0171nmegel\u0151z\u00e9si szakemberek a vagyonv\u00e9delemr\u0151l \u00e9s a biztons\u00e1gr\u00f3l t\u00e1j\u00e9koztatj\u00e1k az \u00e9rdekl\u0151d\u0151ket. A Salg\u00f3tarj\u00e1ni V\u00e1rosh\u00e1z\u00e1n l\u00e9v\u0151 inform\u00e1ci\u00f3s pont nyitva tart\u00e1sa:<\/p>\n<p>2016. m\u00e1rcius 7. (h\u00e9tf\u0151) 10:00-12:00 \u00f3ra<br \/>\n2016. m\u00e1rcius 8. (kedd) 12:00-14:00 \u00f3ra<br \/>\n2016. m\u00e1rcius 9. (szerda) 14:00-16:00 \u00f3ra<br \/>\n2016. m\u00e1rcius 10. (cs\u00fct\u00f6rt\u00f6k) 10:00-12:00 \u00f3ra<br \/>\n2016. m\u00e1rcius 11. (p\u00e9ntek) 10:00-12:00 \u00f3ra<\/p>\n<p>A program z\u00e1r\u00e1sak\u00e9nt 2016. \u00e1prilis\u00e1ban\u00a0a projektbe bevont telep\u00fcl\u00e9sek h\u00e1rom f\u0151s csapatai m\u00e9rik \u00f6ssze tud\u00e1sukat egy vagyonv\u00e9delmi vet\u00e9lked\u0151n.<\/p>\n<p>Forr\u00e1s: police.hu<\/p>\n","protected":false},"excerpt":{"rendered":"<p>Folytat\u00f3dik a N\u00f3gr\u00e1d Megyei Rend\u0151r-f\u0151kapit\u00e1nys\u00e1g \u201eH\u00e1zhoz megy\u00fcnk\u201d programja. A b\u0171nmegel\u0151z\u00e9si szakemberek a vagyonv\u00e9delemr\u0151l \u00e9s a biztons\u00e1gr\u00f3l t\u00e1j\u00e9koztatj\u00e1k az \u00e9rdekl\u0151d\u0151ket. A Salg\u00f3tarj\u00e1ni V\u00e1rosh\u00e1z\u00e1n l\u00e9v\u0151 inform\u00e1ci\u00f3s pont nyitva tart\u00e1sa: 2016. m\u00e1rcius 7. (h\u00e9tf\u0151) 10:00-12:00 \u00f3ra 2016. m\u00e1rcius 8. (kedd) 12:00-14:00 \u00f3ra 2016. m\u00e1rcius 9. (szerda) 14:00-16:00 \u00f3ra 2016. m\u00e1rcius 10. (cs\u00fct\u00f6rt\u00f6k) 10:00-12:00 \u00f3ra 2016. m\u00e1rcius 11. (p\u00e9ntek) &#8230; <a title=\"H\u00e1zhoz j\u00f6nnek a rend\u0151r\u00f6k\" class=\"read-more\" href=\"https:\/\/www.salgotarjan.hu\/?p=3397\" aria-label=\"Read more about H\u00e1zhoz j\u00f6nnek a rend\u0151r\u00f6k\">Olvass tov\u00e1bb<\/a><\/p>\n","protected":false},"author":7,"featured_media":0,"comment_status":"closed","ping_status":"closed","sticky":false,"template":"","format":"standard","meta":{"footnotes":""},"categories":[1,10],"tags":[],"class_list":["post-3397","post","type-post","status-publish","format-standard","hentry","category-egyebek","category-hirek-aktualitasok"],"_links":{"self":[{"href":"https:\/\/www.salgotarjan.hu\/index.php?rest_route=\/wp\/v2\/posts\/3397","targetHints":{"allow":["GET"]}}],"collection":[{"href":"https:\/\/www.salgotarjan.hu\/index.php?rest_route=\/wp\/v2\/posts"}],"about":[{"href":"https:\/\/www.salgotarjan.hu\/index.php?rest_route=\/wp\/v2\/types\/post"}],"author":[{"embeddable":true,"href":"https:\/\/www.salgotarjan.hu\/index.php?rest_route=\/wp\/v2\/users\/7"}],"replies":[{"embeddable":true,"href":"https:\/\/www.salgotarjan.hu\/index.php?rest_route=%2Fwp%2Fv2%2Fcomments&post=3397"}],"version-history":[{"count":1,"href":"https:\/\/www.salgotarjan.hu\/index.php?rest_route=\/wp\/v2\/posts\/3397\/revisions"}],"predecessor-version":[{"id":3398,"href":"https:\/\/www.salgotarjan.hu\/index.php?rest_route=\/wp\/v2\/posts\/3397\/revisions\/3398"}],"wp:attachment":[{"href":"https:\/\/www.salgotarjan.hu\/index.php?rest_route=%2Fwp%2Fv2%2Fmedia&parent=3397"}],"wp:term":[{"taxonomy":"category","embeddable":true,"href":"https:\/\/www.salgotarjan.hu\/index.php?rest_route=%2Fwp%2Fv2%2Fcategories&post=3397"},{"taxonomy":"post_tag","embeddable":true,"href":"https:\/\/www.salgotarjan.hu\/index.php?rest_route=%2Fwp%2Fv2%2Ftags&post=3397"}],"curies":[{"name":"wp","href":"https:\/\/api.w.org\/{rel}","templated":true}]}}