{"id":17379,"date":"2026-09-02T14:40:53","date_gmt":"2026-09-02T12:40:53","guid":{"rendered":"https:\/\/www.salgotarjan.hu\/?p=17379"},"modified":"2026-09-02T14:51:45","modified_gmt":"2026-09-02T12:51:45","slug":"csutortoktol-valtozik-a-forgalmi-rend-a-baglyasi-uton","status":"publish","type":"post","link":"https:\/\/www.salgotarjan.hu\/?p=17379","title":{"rendered":"Cs\u00fct\u00f6rt\u00f6kt\u0151l v\u00e1ltozik a forgalmi rend a Baglyasi \u00faton"},"content":{"rendered":"\n<p class=\"wp-block-paragraph\">\u00dajabb f\u00e1zis\u00e1hoz \u00e9rkezik a Baglyasi \u00fat fel\u00faj\u00edt\u00e1sa: a R\u00e1k\u00f3czi \u00fati keresztez\u0151d\u00e9shez vezet\u0151 emelked\u0151n (a F\u00fclem\u00fcle \u00fati keresztez\u0151d\u00e9s \u00e9s a R\u00e1k\u00f3czi \u00fat k\u00f6z\u00f6tti szakaszon) megkezd\u0151dik a bazaltbeton k\u00f6zleked\u0151fel\u00fclet kialak\u00edt\u00e1sa.<\/p>\n\n\n\n<p class=\"wp-block-paragraph\">Ezt a munk\u00e1t a bazaltbetonos kivitelez\u00e9s technol\u00f3giai felt\u00e9telei miatt csak f\u00e9lp\u00e1ly\u00e1s \u00fatlez\u00e1r\u00e1s mellett lehets\u00e9ges elv\u00e9gezni. Jelz\u0151l\u00e1mp\u00e1s forgalomir\u00e1ny\u00edt\u00e1s a helysz\u00edn saj\u00e1toss\u00e1gai miatt nem alak\u00edthat\u00f3 ki, hiszen ha jelz\u0151l\u00e1mpa engedn\u00e9 a forgalmat a R\u00e1k\u00f3czi \u00fat fel\u0151l, a bekanyarod\u00e1sra v\u00e1rakoz\u00f3 aut\u00f3k mindk\u00e9t ir\u00e1nyb\u00f3l feltartan\u00e1k a forgalmat.<\/p>\n\n\n\n<p class=\"wp-block-paragraph\">A fentiek miatt 2026. szeptember 3. hajnalt\u00f3l kezd\u0151d\u0151en a Baglyasi \u00fatnak a R\u00e1k\u00f3czi \u00fat \u00e9s a F\u00fclem\u00fcle \u00fat k\u00f6z\u00f6tti szakasza egyir\u00e1ny\u00fav\u00e1 v\u00e1lik, azon Baglyasalja ir\u00e1ny\u00e1ban lesz lehets\u00e9ges a k\u00f6zleked\u00e9s. A Baglyasalja fel\u0151l \u00e9rkez\u0151 aut\u00f3sok a Baglyasi \u00fatr\u00f3l a szint\u00e9n egyir\u00e1ny\u00fa V\u00e1s\u00e1rt\u00e9ri \u00fatra kanyarodva tudnak kihajtani a R\u00e1k\u00f3czi \u00fatra. Ebben az ir\u00e1nyban ezen az \u00fatvonalon j\u00e1rnak majd a Baglyasalja fel\u0151l k\u00f6zleked\u0151 helyi j\u00e1rati aut\u00f3buszok is.<\/p>\n\n\n\n<figure class=\"wp-block-image size-large\"><a href=\"https:\/\/www.salgotarjan.hu\/wp-content\/uploads\/baglyasi0903tol.png\"><img loading=\"lazy\" decoding=\"async\" width=\"1024\" height=\"728\" src=\"https:\/\/www.salgotarjan.hu\/wp-content\/uploads\/baglyasi0903tol-1024x728.png\" alt=\"\" class=\"wp-image-17381\" srcset=\"https:\/\/www.salgotarjan.hu\/wp-content\/uploads\/baglyasi0903tol-1024x728.png 1024w, https:\/\/www.salgotarjan.hu\/wp-content\/uploads\/baglyasi0903tol-300x213.png 300w, https:\/\/www.salgotarjan.hu\/wp-content\/uploads\/baglyasi0903tol-768x546.png 768w, https:\/\/www.salgotarjan.hu\/wp-content\/uploads\/baglyasi0903tol.png 1072w\" sizes=\"auto, (max-width: 1024px) 100vw, 1024px\" \/><\/a><\/figure>\n\n\n\n<p class=\"wp-block-paragraph\">A j\u00f6v\u0151 h\u00e9t k\u00f6zep\u00e9t\u0151l a Baglyasalj\u00e1r\u00f3l \u00e9rkez\u0151 aut\u00f3sok a R\u00e1k\u00f3czi \u00fat megk\u00f6zel\u00edt\u00e9s\u00e9re a F\u00fclem\u00fcle utat is haszn\u00e1lni tudj\u00e1k majd.<\/p>\n\n\n\n<p class=\"wp-block-paragraph\">A kivitelez\u0151 \u00e9s az \u00f6nkorm\u00e1nyzat az \u00e9rintett k\u00f6zleked\u0151k meg\u00e9rt\u00e9s\u00e9t \u00e9s t\u00fcrelm\u00e9t k\u00e9ri \u00e9s el\u0151re is k\u00f6sz\u00f6ni.<\/p>\n","protected":false},"excerpt":{"rendered":"<p>\u00dajabb f\u00e1zis\u00e1hoz \u00e9rkezik a Baglyasi \u00fat fel\u00faj\u00edt\u00e1sa: a R\u00e1k\u00f3czi \u00fati keresztez\u0151d\u00e9shez vezet\u0151 emelked\u0151n (a F\u00fclem\u00fcle \u00fati keresztez\u0151d\u00e9s \u00e9s a R\u00e1k\u00f3czi \u00fat k\u00f6z\u00f6tti szakaszon) megkezd\u0151dik a bazaltbeton k\u00f6zleked\u0151fel\u00fclet kialak\u00edt\u00e1sa.<\/p>\n","protected":false},"author":9,"featured_media":0,"comment_status":"closed","ping_status":"closed","sticky":false,"template":"","format":"standard","meta":{"footnotes":""},"categories":[10],"tags":[],"class_list":["post-17379","post","type-post","status-publish","format-standard","hentry","category-hirek-aktualitasok"],"_links":{"self":[{"href":"https:\/\/www.salgotarjan.hu\/index.php?rest_route=\/wp\/v2\/posts\/17379","targetHints":{"allow":["GET"]}}],"collection":[{"href":"https:\/\/www.salgotarjan.hu\/index.php?rest_route=\/wp\/v2\/posts"}],"about":[{"href":"https:\/\/www.salgotarjan.hu\/index.php?rest_route=\/wp\/v2\/types\/post"}],"author":[{"embeddable":true,"href":"https:\/\/www.salgotarjan.hu\/index.php?rest_route=\/wp\/v2\/users\/9"}],"replies":[{"embeddable":true,"href":"https:\/\/www.salgotarjan.hu\/index.php?rest_route=%2Fwp%2Fv2%2Fcomments&post=17379"}],"version-history":[{"count":1,"href":"https:\/\/www.salgotarjan.hu\/index.php?rest_route=\/wp\/v2\/posts\/17379\/revisions"}],"predecessor-version":[{"id":17387,"href":"https:\/\/www.salgotarjan.hu\/index.php?rest_route=\/wp\/v2\/posts\/17379\/revisions\/17387"}],"wp:attachment":[{"href":"https:\/\/www.salgotarjan.hu\/index.php?rest_route=%2Fwp%2Fv2%2Fmedia&parent=17379"}],"wp:term":[{"taxonomy":"category","embeddable":true,"href":"https:\/\/www.salgotarjan.hu\/index.php?rest_route=%2Fwp%2Fv2%2Fcategories&post=17379"},{"taxonomy":"post_tag","embeddable":true,"href":"https:\/\/www.salgotarjan.hu\/index.php?rest_route=%2Fwp%2Fv2%2Ftags&post=17379"}],"curies":[{"name":"wp","href":"https:\/\/api.w.org\/{rel}","templated":true}]}}