{"id":17375,"date":"2026-09-01T15:08:26","date_gmt":"2026-09-01T13:08:26","guid":{"rendered":"https:\/\/www.salgotarjan.hu\/?p=17375"},"modified":"2026-09-01T15:08:26","modified_gmt":"2026-09-01T13:08:26","slug":"nehany-orara-szunetelni-fog-a-vizszolgaltatas-szerdan-a-vasarter-kornyeken","status":"publish","type":"post","link":"https:\/\/www.salgotarjan.hu\/?p=17375","title":{"rendered":"N\u00e9h\u00e1ny \u00f3r\u00e1ra sz\u00fcnetelni fog a v\u00edzszolg\u00e1ltat\u00e1s szerd\u00e1n a V\u00e1s\u00e1rt\u00e9r k\u00f6rny\u00e9k\u00e9n"},"content":{"rendered":"\n<p class=\"wp-block-paragraph\">A R\u00e1k\u00f3czi \u00fat fel\u00faj\u00edt\u00e1s\u00e1hoz kapcsol\u00f3d\u00f3 munk\u00e1latok r\u00e9szek\u00e9nt 2026. szeptember 2-\u00e1n megt\u00f6rt\u00e9nik a V\u00e1s\u00e1rt\u00e9r k\u00f6rny\u00e9ki szakaszon meg\u00e9p\u00fclt \u00faj iv\u00f3v\u00edz gerincvezet\u00e9k \u00fczembe helyez\u00e9se.<\/p>\n\n\n\n<p class=\"wp-block-paragraph\">A r\u00e9gi vezet\u00e9kr\u0151l az \u00faj vezet\u00e9kre val\u00f3 \u00e1tk\u00f6t\u00e9s ideje alatt a v\u00edzszolg\u00e1ltat\u00e1sban nyom\u00e1scs\u00f6kken\u00e9s, esetlegesen v\u00edzhi\u00e1ny lesz tapasztalhat\u00f3 a V\u00e1s\u00e1rt\u00e9r k\u00f6rny\u00e9k\u00e9n. Erre 2026. szeptember 2-\u00e1n (szerd\u00e1n), v\u00e1rhat\u00f3an 9 \u00f3r\u00e1t\u00f3l kezd\u0151d\u0151en, el\u0151rel\u00e9that\u00f3lag a kora d\u00e9lut\u00e1ni \u00f3r\u00e1kig bez\u00e1r\u00f3lag lehet sz\u00e1m\u00edtani.<\/p>\n\n\n\n<p class=\"wp-block-paragraph\">A kellemetlens\u00e9g\u00e9rt a szolg\u00e1ltat\u00f3 \u00e9s a kivitelez\u0151 az \u00e9rintettek meg\u00e9rt\u00e9s\u00e9t \u00e9s t\u00fcrelm\u00e9t k\u00e9ri, el\u0151re is k\u00f6sz\u00f6ni.<\/p>\n","protected":false},"excerpt":{"rendered":"<p>A R\u00e1k\u00f3czi \u00fat fel\u00faj\u00edt\u00e1s\u00e1hoz kapcsol\u00f3d\u00f3 munk\u00e1latok r\u00e9szek\u00e9nt 2026. szeptember 2-\u00e1n megt\u00f6rt\u00e9nik a V\u00e1s\u00e1rt\u00e9r k\u00f6rny\u00e9ki szakaszon meg\u00e9p\u00fclt \u00faj iv\u00f3v\u00edz gerincvezet\u00e9k \u00fczembe helyez\u00e9se.<\/p>\n","protected":false},"author":9,"featured_media":0,"comment_status":"closed","ping_status":"closed","sticky":false,"template":"","format":"standard","meta":{"footnotes":""},"categories":[10],"tags":[],"class_list":["post-17375","post","type-post","status-publish","format-standard","hentry","category-hirek-aktualitasok"],"_links":{"self":[{"href":"https:\/\/www.salgotarjan.hu\/index.php?rest_route=\/wp\/v2\/posts\/17375","targetHints":{"allow":["GET"]}}],"collection":[{"href":"https:\/\/www.salgotarjan.hu\/index.php?rest_route=\/wp\/v2\/posts"}],"about":[{"href":"https:\/\/www.salgotarjan.hu\/index.php?rest_route=\/wp\/v2\/types\/post"}],"author":[{"embeddable":true,"href":"https:\/\/www.salgotarjan.hu\/index.php?rest_route=\/wp\/v2\/users\/9"}],"replies":[{"embeddable":true,"href":"https:\/\/www.salgotarjan.hu\/index.php?rest_route=%2Fwp%2Fv2%2Fcomments&post=17375"}],"version-history":[{"count":1,"href":"https:\/\/www.salgotarjan.hu\/index.php?rest_route=\/wp\/v2\/posts\/17375\/revisions"}],"predecessor-version":[{"id":17377,"href":"https:\/\/www.salgotarjan.hu\/index.php?rest_route=\/wp\/v2\/posts\/17375\/revisions\/17377"}],"wp:attachment":[{"href":"https:\/\/www.salgotarjan.hu\/index.php?rest_route=%2Fwp%2Fv2%2Fmedia&parent=17375"}],"wp:term":[{"taxonomy":"category","embeddable":true,"href":"https:\/\/www.salgotarjan.hu\/index.php?rest_route=%2Fwp%2Fv2%2Fcategories&post=17375"},{"taxonomy":"post_tag","embeddable":true,"href":"https:\/\/www.salgotarjan.hu\/index.php?rest_route=%2Fwp%2Fv2%2Ftags&post=17375"}],"curies":[{"name":"wp","href":"https:\/\/api.w.org\/{rel}","templated":true}]}}