{"id":17358,"date":"2026-08-31T08:33:20","date_gmt":"2026-08-31T06:33:20","guid":{"rendered":"https:\/\/www.salgotarjan.hu\/?p=17358"},"modified":"2026-08-31T08:33:21","modified_gmt":"2026-08-31T06:33:21","slug":"tajekoztato-beszterce-orvosi-rendelok-ideiglenes-athelyezeserol","status":"publish","type":"post","link":"https:\/\/www.salgotarjan.hu\/?p=17358","title":{"rendered":"T\u00e1j\u00e9koztat\u00f3 Beszterce orvosi rendel\u0151k ideiglenes \u00e1thelyez\u00e9s\u00e9r\u0151l"},"content":{"rendered":"\n<p class=\"wp-block-paragraph\">A Beszterce lak\u00f3telepi orvosi rendel\u0151k fel\u00faj\u00edt\u00e1sa a TOP_PLUSZ-3.4.1-23-ST1-2023-00003 sz. projekt keret\u00e9ben val\u00f3sul meg. K\u00e9t h\u00e1zi gyermekorvosi k\u00f6rzet \u00e9s k\u00e9t feln\u0151tt h\u00e1ziorvosi rendel\u0151 mellett az \u00e9rintett v\u00e1rosr\u00e9sz ell\u00e1t\u00e1s\u00e1t biztos\u00edt\u00f3 fogorvosi alapell\u00e1t\u00e1s rendel\u0151je is elhelyez\u00e9sre ker\u00fcl majd a fel\u00faj\u00edtott \u00e9p\u00fcletben.<\/p>\n\n\n\n<p class=\"wp-block-paragraph\">A fel\u00faj\u00edt\u00e1s idej\u00e9re 2026.08.31-t\u0151l a Beszterce t\u00e9r 1. sz\u00e1m alatt m\u0171k\u00f6d\u0151 15. \u00e9s 16. sz\u00e1m\u00fa feln\u0151tt h\u00e1ziorvosi \u00e9s az 5. \u00e9s 8. sz\u00e1m\u00fa h\u00e1zi gyermekorvosi k\u00f6rzet ideiglenesen \u00e1thelyez\u00e9sre ker\u00fcl a Kassai sor 2. sz\u00e1m al\u00e1.<\/p>\n\n\n\n<p class=\"wp-block-paragraph\"><strong><u>Az \u00e9rintett k\u00f6rzetek rendel\u00e9si ideje 2026.08.31-t\u0151l a Kassai sor 2. sz\u00e1m alatt:<\/u><\/strong><\/p>\n\n\n\n<p class=\"wp-block-paragraph\"><strong><u>15. sz\u00e1m\u00fa feln\u0151tt k\u00f6rzet<\/u><\/strong><br>Rendel: Dr. Farkas Zsuzsanna<\/p>\n\n\n\n<p class=\"wp-block-paragraph\">H\u00e9tf\u0151: 11.00-16.00, prevenci\u00f3s rendel\u00e9s: 14.00-16.00<br>Kedd: 08.00-11.00<br>Szerda: 08.00-12.00, prevenci\u00f3s rendel\u00e9s: 11.00-12.00<br>Cs\u00fct\u00f6rt\u00f6k: 11.00-15.00, prevenci\u00f3s rendel\u00e9s: 14.00-15.00<br>P\u00e9ntek: 08.00-12.00<\/p>\n\n\n\n<p class=\"wp-block-paragraph\">Tel: 32\/783-703<\/p>\n\n\n\n<p class=\"wp-block-paragraph\"><strong><u>16. sz\u00e1m\u00fa feln\u0151tt k\u00f6rzet<\/u><\/strong><br>Rendel: Dr. B\u00e1nkuti Zsuzsanna<\/p>\n\n\n\n<p class=\"wp-block-paragraph\">H\u00e9tf\u0151: 09:00-13:00<br>Kedd: 11:00-15:00<br>Szerda: 09:00-13:00<br>Cs\u00fct\u00f6rt\u00f6k: 09:00-13:00<br>P\u00e9ntek: 09:00-13:00<\/p>\n\n\n\n<p class=\"wp-block-paragraph\">Tel: 32\/786-886<\/p>\n\n\n\n<p class=\"wp-block-paragraph\"><strong><u>5. sz\u00e1m\u00fa h\u00e1zi gyermekorvosi k\u00f6rzet<\/u><\/strong><br>Rendel: Dr. Nagyp\u00e1l M\u00e1ria<\/p>\n\n\n\n<p class=\"wp-block-paragraph\">H\u00e9tf\u0151: 08:00-10:00<br>Kedd: 08:00-09:00, tan\u00e1csad\u00e1s 09.00-10.00<br>Szerda: 08:00-10:00<br>Cs\u00fct\u00f6rt\u00f6k: 08:00-10:00<br>P\u00e9ntek: 08:00-10:00<\/p>\n\n\n\n<p class=\"wp-block-paragraph\">Tel: 32\/431-754<\/p>\n\n\n\n<p class=\"wp-block-paragraph\"><strong><u>8. sz\u00e1m\u00fa h\u00e1zi gyermekorvosi k\u00f6rzet:<\/u><\/strong><br>Rendel:Dr. Nagyp\u00e1l M\u00e1ria<strong><u><br><br><\/u><\/strong>H\u00e9tf\u0151: 10.00-13.00<br>Kedd: 10.00-13.00, tan\u00e1csad\u00e1s 10.00-12.00<br>Szerda: 10.00-13.00<br>Cs\u00fct\u00f6rt\u00f6k: 10.00-13.00, prevenci\u00f3s rendel\u00e9s: 12.00-13.00<br>P\u00e9ntek: 10.00-13.00, prevenci\u00f3s rendel\u00e9s: 12.00-13.00<br><br>Tel: 32\/430-943<\/p>\n","protected":false},"excerpt":{"rendered":"<p>A fel\u00faj\u00edt\u00e1s idej\u00e9re 2026.08.31-t\u0151l a Beszterce t\u00e9r 1. sz\u00e1m alatt m\u0171k\u00f6d\u0151 15. \u00e9s 16. sz\u00e1m\u00fa feln\u0151tt h\u00e1ziorvosi \u00e9s az 5. \u00e9s 8. sz\u00e1m\u00fa h\u00e1zi gyermekorvosi k\u00f6rzet ideiglenesen \u00e1thelyez\u00e9sre ker\u00fcl a Kassai sor 2. sz\u00e1m al\u00e1.<\/p>\n","protected":false},"author":7,"featured_media":0,"comment_status":"closed","ping_status":"closed","sticky":false,"template":"","format":"standard","meta":{"footnotes":""},"categories":[10],"tags":[],"class_list":["post-17358","post","type-post","status-publish","format-standard","hentry","category-hirek-aktualitasok"],"_links":{"self":[{"href":"https:\/\/www.salgotarjan.hu\/index.php?rest_route=\/wp\/v2\/posts\/17358","targetHints":{"allow":["GET"]}}],"collection":[{"href":"https:\/\/www.salgotarjan.hu\/index.php?rest_route=\/wp\/v2\/posts"}],"about":[{"href":"https:\/\/www.salgotarjan.hu\/index.php?rest_route=\/wp\/v2\/types\/post"}],"author":[{"embeddable":true,"href":"https:\/\/www.salgotarjan.hu\/index.php?rest_route=\/wp\/v2\/users\/7"}],"replies":[{"embeddable":true,"href":"https:\/\/www.salgotarjan.hu\/index.php?rest_route=%2Fwp%2Fv2%2Fcomments&post=17358"}],"version-history":[{"count":1,"href":"https:\/\/www.salgotarjan.hu\/index.php?rest_route=\/wp\/v2\/posts\/17358\/revisions"}],"predecessor-version":[{"id":17360,"href":"https:\/\/www.salgotarjan.hu\/index.php?rest_route=\/wp\/v2\/posts\/17358\/revisions\/17360"}],"wp:attachment":[{"href":"https:\/\/www.salgotarjan.hu\/index.php?rest_route=%2Fwp%2Fv2%2Fmedia&parent=17358"}],"wp:term":[{"taxonomy":"category","embeddable":true,"href":"https:\/\/www.salgotarjan.hu\/index.php?rest_route=%2Fwp%2Fv2%2Fcategories&post=17358"},{"taxonomy":"post_tag","embeddable":true,"href":"https:\/\/www.salgotarjan.hu\/index.php?rest_route=%2Fwp%2Fv2%2Ftags&post=17358"}],"curies":[{"name":"wp","href":"https:\/\/api.w.org\/{rel}","templated":true}]}}