{"id":17014,"date":"2026-04-30T12:54:38","date_gmt":"2026-04-30T10:54:38","guid":{"rendered":"https:\/\/www.salgotarjan.hu\/?p=17014"},"modified":"2026-04-30T12:54:38","modified_gmt":"2026-04-30T10:54:38","slug":"faklyazas-a-patakpart-utca-kozeleben-talalhato-gazipari-objektumon","status":"publish","type":"post","link":"https:\/\/www.salgotarjan.hu\/?p=17014","title":{"rendered":"F\u00e1kly\u00e1z\u00e1s a Patakpart utca k\u00f6zel\u00e9ben tal\u00e1lhat\u00f3 g\u00e1zipari objektumon"},"content":{"rendered":"\n<p>Az FGSZ F\u00f6ldg\u00e1zsz\u00e1ll\u00edt\u00f3 Z\u00e1rtk\u00f6r\u0171en M\u0171k\u00f6d\u0151 R\u00e9szv\u00e9nyt\u00e1rsas\u00e1g \u00f6nkorm\u00e1nyzatunkhoz eljuttatott t\u00e1j\u00e9koztat\u00e1sa szerint f\u00e1kly\u00e1z\u00e1ssal j\u00e1r\u00f3 karbantart\u00e1si munk\u00e1t v\u00e9geznek el a v\u00e1ros d\u00e9li hat\u00e1r\u00e1ban (a Patakpart utca \u00e9s a 81-es sz\u00e1m\u00fa vas\u00fatvonal k\u00f6z\u00f6tt) tal\u00e1lhat\u00f3 g\u00e1zipari objektumon 2026. m\u00e1jus 05-\u00e9n (kedden), 6:00 \u00e9s 18:00 \u00f3ra k\u00f6z\u00f6tt.<\/p>\n\n\n\n<p>A f\u00e1kly\u00e1z\u00e1s az a folyamat, melynek sor\u00e1n az \u00e9rintett vezet\u00e9k nyom\u00e1s\u00e1t a legk\u00f6ri nyom\u00e1sra cs\u00f6kkentik le annak \u00e9rdek\u00e9ben, hogy a sz\u00fcks\u00e9ges karbantart\u00e1st elv\u00e9gezhess\u00e9k. Az \u00e9rintett vezet\u00e9kszakaszban l\u00e9v\u0151 g\u00e1z lef\u00favat\u00e1sa szakemberek fel\u00fcgyelete mellett t\u00f6rt\u00e9nik, esetlegesen er\u0151s f\u00e9ny- \u00e9s hanghat\u00e1s k\u00eds\u00e9ret\u00e9ben.<\/p>\n\n\n\n<p>A fentiekkel kapcsolatosan el\u0151re is k\u00f6sz\u00f6nik a k\u00f6rny\u00e9ken lak\u00f3k t\u00fcrelm\u00e9t \u00e9s meg\u00e9rt\u00e9s\u00e9t!<\/p>\n","protected":false},"excerpt":{"rendered":"<p>F\u00e1kly\u00e1z\u00e1ssal j\u00e1r\u00f3 karbantart\u00e1si munk\u00e1t v\u00e9geznek a v\u00e1ros d\u00e9li hat\u00e1r\u00e1ban (a Patakpart utca \u00e9s a 81-es sz\u00e1m\u00fa vas\u00fatvonal k\u00f6z\u00f6tt) tal\u00e1lhat\u00f3 g\u00e1zipari objektumon 2026. m\u00e1jus 05-\u00e9n.<\/p>\n","protected":false},"author":9,"featured_media":0,"comment_status":"closed","ping_status":"closed","sticky":false,"template":"","format":"standard","meta":{"footnotes":""},"categories":[10],"tags":[],"class_list":["post-17014","post","type-post","status-publish","format-standard","hentry","category-hirek-aktualitasok"],"_links":{"self":[{"href":"https:\/\/www.salgotarjan.hu\/index.php?rest_route=\/wp\/v2\/posts\/17014","targetHints":{"allow":["GET"]}}],"collection":[{"href":"https:\/\/www.salgotarjan.hu\/index.php?rest_route=\/wp\/v2\/posts"}],"about":[{"href":"https:\/\/www.salgotarjan.hu\/index.php?rest_route=\/wp\/v2\/types\/post"}],"author":[{"embeddable":true,"href":"https:\/\/www.salgotarjan.hu\/index.php?rest_route=\/wp\/v2\/users\/9"}],"replies":[{"embeddable":true,"href":"https:\/\/www.salgotarjan.hu\/index.php?rest_route=%2Fwp%2Fv2%2Fcomments&post=17014"}],"version-history":[{"count":1,"href":"https:\/\/www.salgotarjan.hu\/index.php?rest_route=\/wp\/v2\/posts\/17014\/revisions"}],"predecessor-version":[{"id":17015,"href":"https:\/\/www.salgotarjan.hu\/index.php?rest_route=\/wp\/v2\/posts\/17014\/revisions\/17015"}],"wp:attachment":[{"href":"https:\/\/www.salgotarjan.hu\/index.php?rest_route=%2Fwp%2Fv2%2Fmedia&parent=17014"}],"wp:term":[{"taxonomy":"category","embeddable":true,"href":"https:\/\/www.salgotarjan.hu\/index.php?rest_route=%2Fwp%2Fv2%2Fcategories&post=17014"},{"taxonomy":"post_tag","embeddable":true,"href":"https:\/\/www.salgotarjan.hu\/index.php?rest_route=%2Fwp%2Fv2%2Ftags&post=17014"}],"curies":[{"name":"wp","href":"https:\/\/api.w.org\/{rel}","templated":true}]}}