{"id":16684,"date":"2026-01-26T11:09:39","date_gmt":"2026-01-26T10:09:39","guid":{"rendered":"https:\/\/www.salgotarjan.hu\/?p=16684"},"modified":"2026-04-07T15:24:49","modified_gmt":"2026-04-07T13:24:49","slug":"felhivas-beszterce-lakotelepi-postafiok-uzemeltetesere","status":"publish","type":"post","link":"https:\/\/www.salgotarjan.hu\/?p=16684","title":{"rendered":"Felh\u00edv\u00e1s Beszterce-lak\u00f3telepi posta \u00fczemeltet\u00e9s\u00e9re"},"content":{"rendered":"\n<p>A Salg\u00f3tarj\u00e1n Megyei Jog\u00fa V\u00e1ros \u00d6nkorm\u00e1nyzata \u00e1ltal kezdem\u00e9nyezett, a Magyar Posta Zrt.-vel folytatott t\u00e1rgyal\u00e1sok eredm\u00e9nyek\u00e9ppen z\u00f6ld utat kapott, hogy a Postapartner Program keret\u00e9ben \u00fajra posta \u00fczemelhessen a Beszterce-lak\u00f3telepen. A felh\u00edv\u00e1s r\u00e9szletei a lap alj\u00e1n tal\u00e1lhat\u00f3 dokumentumban olvashat\u00f3k.<\/p>\n\n\n\n<p>Az \u00f6nkorm\u00e1nyzat tov\u00e1bbra is gesztork\u00e9nt k\u00edv\u00e1n k\u00f6zrem\u0171k\u00f6dni a postai szolg\u00e1ltat\u00e1sok \u00fajb\u00f3li el\u00e9rhet\u0151s\u00e9g\u00e9nek biztos\u00edt\u00e1sa \u00e9rdek\u00e9ben. A lehet\u0151s\u00e9g nyitott b\u00e1rmely helyi v\u00e1llalkoz\u00f3 el\u0151tt, ugyanakkor a felh\u00edv\u00e1sra els\u0151sorban azon c\u00e9gek, illetve egy\u00e9ni v\u00e1llalkoz\u00e1sok jelentkez\u00e9s\u00e9t v\u00e1rjuk, akik valamilyen kereskedelmi egys\u00e9get (p\u00e9ld\u00e1ul: \u00e9lelmiszer\u00fczletet, gy\u00f3gyszert\u00e1rat, kisboltot, stb.) m\u00e1r \u00fczemeltetnek a Beszterce-lak\u00f3telepen.<\/p>\n\n\n\n<p>A feladat ell\u00e1t\u00e1s\u00e1\u00e9rt a Magyar Posta Zrt. \u00e1ltal biztos\u00edtott jutal\u00e9kok mellett az \u00e9rdekl\u0151d\u0151 v\u00e1llalkoz\u00f3k kalkul\u00e1lhatnak az \u00f6nkorm\u00e1nyzat r\u00e9sz\u00e9r\u0151l biztos\u00edtand\u00f3 tov\u00e1bbi havi 100.000 Ft vissza nem t\u00e9r\u00edtend\u0151 t\u00e1mogat\u00e1ssal is (ahogyan az biztos\u00edtott a v\u00e1rosban m\u00e1s helysz\u00ednen m\u00e1r m\u0171k\u00f6d\u0151, v\u00e1llalkoz\u00e1s \u00e1ltal, partneri program keret\u00e9ben m\u0171k\u00f6dtetett posta eset\u00e9ben is).<\/p>\n\n\n\n<p>A jelentkez\u00e9seket legk\u00e9s\u0151bb 2026. febru\u00e1r 4-ig, 12:00-ig bez\u00e1r\u00f3lag fogadja az \u00f6nkorm\u00e1nyzat a kabinet@salgotarjan.hu e-mail c\u00edmen. Az \u00f6nkorm\u00e1nyzat fenntartja a jogot, hogy a feladat ell\u00e1t\u00e1s\u00e1ra megfelel\u0151 partner jelentkez\u00e9se eset\u00e9n a jelen felh\u00edv\u00e1st a fenti hat\u00e1rid\u0151 el\u0151tt visszavonja. Tov\u00e1bbi t\u00e1j\u00e9koztat\u00e1s k\u00e9rhet\u0151 a Polg\u00e1rmesteri Hivatal V\u00e1rosfejleszt\u00e9si Irod\u00e1j\u00e1t\u00f3l (+36 32 422 395 vagy varosfejlesztes@salgotarjan.hu).<\/p>\n\n\n\n<p><a href=\"https:\/\/www.salgotarjan.hu\/wp-content\/uploads\/20260126_beszerce_posta_felhivas_emelt_jutalek.pdf\" data-type=\"link\" data-id=\"https:\/\/www.salgotarjan.hu\/wp-content\/uploads\/20260126_beszerce_posta_felhivas_posta.pdf\" target=\"_blank\" rel=\"noreferrer noopener\">R\u00c9SZLETES FELH\u00cdV\u00c1S<\/a> <em>\/&#8221;D\u00edjak \u2013 K\u00f6zrem\u0171k\u00f6d\u0151i (Partneri) jutal\u00e9kok&#8221; \u00f6sszege pontos\u00edt\u00e1sra ker\u00fclt az id\u0151k\u00f6zben \u00e9letbe l\u00e9pett jutal\u00e9ki d\u00edjemel\u00e9seknek megfelel\u0151en\/<\/em><\/p>\n","protected":false},"excerpt":{"rendered":"<p>A Salg\u00f3tarj\u00e1n Megyei Jog\u00fa V\u00e1ros \u00d6nkorm\u00e1nyzata \u00e1ltal kezdem\u00e9nyezett, a Magyar Posta Zrt.-vel folytatott t\u00e1rgyal\u00e1sok eredm\u00e9nyek\u00e9ppen z\u00f6ld utat kapott, hogy a Postapartner Program keret\u00e9ben \u00fajra postafi\u00f3k \u00fczemelhessen a Beszterce-lak\u00f3telepen.<\/p>\n","protected":false},"author":9,"featured_media":16688,"comment_status":"closed","ping_status":"closed","sticky":false,"template":"","format":"standard","meta":{"footnotes":""},"categories":[10],"tags":[],"class_list":["post-16684","post","type-post","status-publish","format-standard","has-post-thumbnail","hentry","category-hirek-aktualitasok"],"_links":{"self":[{"href":"https:\/\/www.salgotarjan.hu\/index.php?rest_route=\/wp\/v2\/posts\/16684","targetHints":{"allow":["GET"]}}],"collection":[{"href":"https:\/\/www.salgotarjan.hu\/index.php?rest_route=\/wp\/v2\/posts"}],"about":[{"href":"https:\/\/www.salgotarjan.hu\/index.php?rest_route=\/wp\/v2\/types\/post"}],"author":[{"embeddable":true,"href":"https:\/\/www.salgotarjan.hu\/index.php?rest_route=\/wp\/v2\/users\/9"}],"replies":[{"embeddable":true,"href":"https:\/\/www.salgotarjan.hu\/index.php?rest_route=%2Fwp%2Fv2%2Fcomments&post=16684"}],"version-history":[{"count":1,"href":"https:\/\/www.salgotarjan.hu\/index.php?rest_route=\/wp\/v2\/posts\/16684\/revisions"}],"predecessor-version":[{"id":16694,"href":"https:\/\/www.salgotarjan.hu\/index.php?rest_route=\/wp\/v2\/posts\/16684\/revisions\/16694"}],"wp:featuredmedia":[{"embeddable":true,"href":"https:\/\/www.salgotarjan.hu\/index.php?rest_route=\/wp\/v2\/media\/16688"}],"wp:attachment":[{"href":"https:\/\/www.salgotarjan.hu\/index.php?rest_route=%2Fwp%2Fv2%2Fmedia&parent=16684"}],"wp:term":[{"taxonomy":"category","embeddable":true,"href":"https:\/\/www.salgotarjan.hu\/index.php?rest_route=%2Fwp%2Fv2%2Fcategories&post=16684"},{"taxonomy":"post_tag","embeddable":true,"href":"https:\/\/www.salgotarjan.hu\/index.php?rest_route=%2Fwp%2Fv2%2Ftags&post=16684"}],"curies":[{"name":"wp","href":"https:\/\/api.w.org\/{rel}","templated":true}]}}