{"id":16495,"date":"2025-11-28T15:10:00","date_gmt":"2025-11-28T14:10:00","guid":{"rendered":"https:\/\/www.salgotarjan.hu\/?p=16495"},"modified":"2025-11-29T10:14:49","modified_gmt":"2025-11-29T09:14:49","slug":"lakossagi-forum-helyi-partnersegi-egyeztetes","status":"publish","type":"post","link":"https:\/\/www.salgotarjan.hu\/?p=16495","title":{"rendered":"Lakoss\u00e1gi F\u00f3rum &#8211; Helyi Partners\u00e9gi Egyeztet\u00e9s"},"content":{"rendered":"\n<p>Salg\u00f3tarj\u00e1n Megyei Jog\u00fa V\u00e1ros \u00d6nkorm\u00e1nyzata a telep\u00fcl\u00e9srendez\u00e9si eszk\u00f6z\u00f6k m\u00f3dos\u00edt\u00e1s\u00e1r\u00f3l d\u00f6nt\u00f6tt h\u00e1rom beavatkoz\u00e1si ter\u00fclet vonatkoz\u00e1s\u00e1ban.<\/p>\n\n\n\n<p>A m\u00f3dos\u00edt\u00e1sok \u00f6nkorm\u00e1nyzati fejleszt\u00e9sek sikeres megval\u00f3s\u00edt\u00e1sa \u00e9rdek\u00e9ben sz\u00fcks\u00e9gesek. A telep\u00fcl\u00e9srendez\u00e9si eszk\u00f6z\u00f6k m\u00f3dos\u00edt\u00e1sa el\u0151k\u00e9sz\u00edt\u00e9s\u00e9re, az elj\u00e1r\u00e1si folyamat ind\u00edt\u00e1s\u00e1ra vonatkoz\u00f3an Salg\u00f3tarj\u00e1n Megyei Jog\u00fa V\u00e1ros \u00d6nkorm\u00e1nyzat\u00e1nak K\u00f6zgy\u0171l\u00e9se hat\u00e1rozat\u00e1ban d\u00f6nt\u00e9st hozott, tov\u00e1bb\u00e1 a beavatkoz\u00e1si helysz\u00edneket kiemelt fejleszt\u00e9si ter\u00fcletekk\u00e9 nyilv\u00e1n\u00edtotta. \u00c9rintettek Camping \u00fati, Gorkij k\u00f6r\u00fati \u00e9s Salg\u00f3 \u00fati ingatlanok.<\/p>\n\n\n\n<p>A r\u00e9szletes t\u00e1j\u00e9koztat\u00e1s <a href=\"https:\/\/www.salgotarjan.hu\/wp-content\/uploads\/TRE-M-20-hirdetmeny_.pdf\" data-type=\"link\" data-id=\"https:\/\/www.salgotarjan.hu\/wp-content\/uploads\/TRE-M-20-hirdetmeny.pdf\" target=\"_blank\" rel=\"noreferrer noopener\">(hirdetm\u00e9ny) el\u00e9rhet\u0151 ide kattintva<\/a>.<\/p>\n\n\n\n<p>A <a href=\"https:\/\/www.salgotarjan.hu\/wp-content\/uploads\/PARTNERI_ANYAG_SALGOTARJAN_2025_M_20.pdf\" data-type=\"link\" data-id=\"https:\/\/www.salgotarjan.hu\/wp-content\/uploads\/PARTNERI_ANYAG_SALGOTARJAN_2025_M_20.pdf\" target=\"_blank\" rel=\"noreferrer noopener\">Telep\u00fcl\u00e9sszerkezeti Terv &#8211; Helyi \u00c9p\u00edt\u00e9si Szab\u00e1lyzat &#8211; Partneri V\u00e9lem\u00e9nyez\u00e9sre Sz\u00e1nt Tervezet let\u00f6lthet\u0151 ide kattintva<\/a>.<\/p>\n\n\n\n<p>A t\u00e9m\u00e1ban lakoss\u00e1gi f\u00f3rumot tarunk.<\/p>\n\n\n\n<ul class=\"wp-block-list\">\n<li>Id\u0151pont: 2025. december 4. 16:00 \u00f3ra<\/li>\n\n\n\n<li>Helysz\u00edn: V\u00e1rosh\u00e1za, F\u00f6rster K\u00e1lm\u00e1n terem, 3100 Salg\u00f3tarj\u00e1n, M\u00fazeum t\u00e9r 1.<\/li>\n<\/ul>\n\n\n\n<p>V\u00e9lem\u00e9ny\u00fcket, \u00e9szrev\u00e9tel\u00fcket 2025. december 9. (kedd) 10:00 \u00f3r\u00e1ig k\u00fcldhetik el<\/p>\n\n\n\n<ul class=\"wp-block-list\">\n<li>a jegyzo@salgotarjan.hu<\/li>\n\n\n\n<li>vagy a foepitesz@salgotarjan.hu e-mail c\u00edmre.<\/li>\n<\/ul>\n","protected":false},"excerpt":{"rendered":"<p>Salg\u00f3tarj\u00e1n Megyei Jog\u00fa V\u00e1ros \u00d6nkorm\u00e1nyzata a telep\u00fcl\u00e9srendez\u00e9si eszk\u00f6z\u00f6k m\u00f3dos\u00edt\u00e1s\u00e1r\u00f3l d\u00f6nt\u00f6tt h\u00e1rom beavatkoz\u00e1si ter\u00fclet vonatkoz\u00e1s\u00e1ban.<\/p>\n","protected":false},"author":9,"featured_media":0,"comment_status":"closed","ping_status":"closed","sticky":false,"template":"","format":"standard","meta":{"footnotes":""},"categories":[10],"tags":[],"class_list":["post-16495","post","type-post","status-publish","format-standard","hentry","category-hirek-aktualitasok"],"_links":{"self":[{"href":"https:\/\/www.salgotarjan.hu\/index.php?rest_route=\/wp\/v2\/posts\/16495","targetHints":{"allow":["GET"]}}],"collection":[{"href":"https:\/\/www.salgotarjan.hu\/index.php?rest_route=\/wp\/v2\/posts"}],"about":[{"href":"https:\/\/www.salgotarjan.hu\/index.php?rest_route=\/wp\/v2\/types\/post"}],"author":[{"embeddable":true,"href":"https:\/\/www.salgotarjan.hu\/index.php?rest_route=\/wp\/v2\/users\/9"}],"replies":[{"embeddable":true,"href":"https:\/\/www.salgotarjan.hu\/index.php?rest_route=%2Fwp%2Fv2%2Fcomments&post=16495"}],"version-history":[{"count":1,"href":"https:\/\/www.salgotarjan.hu\/index.php?rest_route=\/wp\/v2\/posts\/16495\/revisions"}],"predecessor-version":[{"id":16503,"href":"https:\/\/www.salgotarjan.hu\/index.php?rest_route=\/wp\/v2\/posts\/16495\/revisions\/16503"}],"wp:attachment":[{"href":"https:\/\/www.salgotarjan.hu\/index.php?rest_route=%2Fwp%2Fv2%2Fmedia&parent=16495"}],"wp:term":[{"taxonomy":"category","embeddable":true,"href":"https:\/\/www.salgotarjan.hu\/index.php?rest_route=%2Fwp%2Fv2%2Fcategories&post=16495"},{"taxonomy":"post_tag","embeddable":true,"href":"https:\/\/www.salgotarjan.hu\/index.php?rest_route=%2Fwp%2Fv2%2Ftags&post=16495"}],"curies":[{"name":"wp","href":"https:\/\/api.w.org\/{rel}","templated":true}]}}