{"id":16416,"date":"2025-10-28T12:32:26","date_gmt":"2025-10-28T11:32:26","guid":{"rendered":"https:\/\/www.salgotarjan.hu\/?p=16416"},"modified":"2025-10-28T12:34:02","modified_gmt":"2025-10-28T11:34:02","slug":"rasegito-jaratok-kozlekednek-majd-november-elsejen-az-ujtemeto-fele-es-felol","status":"publish","type":"post","link":"https:\/\/www.salgotarjan.hu\/?p=16416","title":{"rendered":"R\u00e1seg\u00edt\u0151 j\u00e1ratok k\u00f6zlekednek majd november elsej\u00e9n az \u00dajtemet\u0151 fel\u00e9 \u00e9s fel\u0151l"},"content":{"rendered":"\n<p>Temet\u0151i r\u00e1seg\u00edt\u0151 buszj\u00e1ratok k\u00f6zlekednek majd Salg\u00f3tarj\u00e1nban 2025. november 1-j\u00e9n, szombaton. A temet\u0151i j\u00e1ratok a kor\u00e1bbi \u00e9vekben megszokottak szerint, november elsej\u00e9n d\u00e9lut\u00e1n minden \u00f3r\u00e1ban k\u00f6zlekednek majd a helyi aut\u00f3busz-\u00e1llom\u00e1s \u00e9s az \u00dajtemet\u0151 k\u00f6z\u00f6tt, Temet\u0151i j\u00e1rat jelz\u00e9ssel.<\/p>\n\n\n\n<p><a href=\"https:\/\/www.mavcsoport.hu\/mavinform\/salgotarjan-temetoi-jaratok-november-1-jen\" data-type=\"link\" data-id=\"https:\/\/www.mavcsoport.hu\/mavinform\/salgotarjan-temetoi-jaratok-november-1-jen\" target=\"_blank\" rel=\"noreferrer noopener\">A j\u00e1ratok menetrendje ide kattintva \u00e9rhet\u0151 el.<\/a><\/p>\n","protected":false},"excerpt":{"rendered":"<p>Temet\u0151i r\u00e1seg\u00edt\u0151 buszj\u00e1ratokat k\u00f6zlekedtet majd a vol\u00e1n 2025. november 1-j\u00e9n, szombaton. <\/p>\n","protected":false},"author":9,"featured_media":0,"comment_status":"closed","ping_status":"closed","sticky":false,"template":"","format":"standard","meta":{"footnotes":""},"categories":[10],"tags":[],"class_list":["post-16416","post","type-post","status-publish","format-standard","hentry","category-hirek-aktualitasok"],"_links":{"self":[{"href":"https:\/\/www.salgotarjan.hu\/index.php?rest_route=\/wp\/v2\/posts\/16416","targetHints":{"allow":["GET"]}}],"collection":[{"href":"https:\/\/www.salgotarjan.hu\/index.php?rest_route=\/wp\/v2\/posts"}],"about":[{"href":"https:\/\/www.salgotarjan.hu\/index.php?rest_route=\/wp\/v2\/types\/post"}],"author":[{"embeddable":true,"href":"https:\/\/www.salgotarjan.hu\/index.php?rest_route=\/wp\/v2\/users\/9"}],"replies":[{"embeddable":true,"href":"https:\/\/www.salgotarjan.hu\/index.php?rest_route=%2Fwp%2Fv2%2Fcomments&post=16416"}],"version-history":[{"count":1,"href":"https:\/\/www.salgotarjan.hu\/index.php?rest_route=\/wp\/v2\/posts\/16416\/revisions"}],"predecessor-version":[{"id":16419,"href":"https:\/\/www.salgotarjan.hu\/index.php?rest_route=\/wp\/v2\/posts\/16416\/revisions\/16419"}],"wp:attachment":[{"href":"https:\/\/www.salgotarjan.hu\/index.php?rest_route=%2Fwp%2Fv2%2Fmedia&parent=16416"}],"wp:term":[{"taxonomy":"category","embeddable":true,"href":"https:\/\/www.salgotarjan.hu\/index.php?rest_route=%2Fwp%2Fv2%2Fcategories&post=16416"},{"taxonomy":"post_tag","embeddable":true,"href":"https:\/\/www.salgotarjan.hu\/index.php?rest_route=%2Fwp%2Fv2%2Ftags&post=16416"}],"curies":[{"name":"wp","href":"https:\/\/api.w.org\/{rel}","templated":true}]}}