{"id":16411,"date":"2025-10-22T13:34:44","date_gmt":"2025-10-22T11:34:44","guid":{"rendered":"https:\/\/www.salgotarjan.hu\/?p=16411"},"modified":"2025-10-22T13:34:45","modified_gmt":"2025-10-22T11:34:45","slug":"utlezaras-lesz-a-rakoczi-uton-oktober-23-an","status":"publish","type":"post","link":"https:\/\/www.salgotarjan.hu\/?p=16411","title":{"rendered":"\u00datlez\u00e1r\u00e1s lesz a R\u00e1k\u00f3czi \u00faton okt\u00f3ber 23-\u00e1n"},"content":{"rendered":"\n<p>Az Okt\u00f3ber 23-i v\u00e1rosi megeml\u00e9kez\u00e9s, illetve <a href=\"https:\/\/www.salgotarjan.hu\/?p=16402\" data-type=\"post\" data-id=\"16402\" target=\"_blank\" rel=\"noreferrer noopener\">a XXXIII. Okt\u00f3ber 23. Eml\u00e9kfut\u00e1s<\/a> elnevez\u00e9s\u0171 v\u00e1rosi sportrendezv\u00e9ny idej\u00e9n \u00fatlez\u00e1r\u00e1s lesz a R\u00e1k\u00f3czi \u00faton 2025. okt\u00f3ber 23-\u00e1n.<\/p>\n\n\n\n<p>A lez\u00e1r\u00e1sra az \u00datt\u00f6r\u0151k \u00fati \u00e9s a P\u00e9csk\u0151 \u00fati el\u00e1gaz\u00f3k k\u00f6z\u00f6tt ker\u00fcl sor, reggel 8 \u00f3r\u00e1t\u00f3l kezd\u0151d\u0151en el\u0151rel\u00e1that\u00f3lag 13 \u00f3ra 30 percig.<\/p>\n\n\n\n<p>A korl\u00e1toz\u00e1s miatt terel\u0151\u00faton j\u00e1rnak majd az eredetileg ezen az \u00fatszakaszon k\u00f6zleked\u0151 helyi \u00e9s helyk\u00f6zi aut\u00f3buszj\u00e1ratok. A M\u00c1V Zrt. err\u0151l sz\u00f3l\u00f3 r\u00e9szletes t\u00e1j\u00e9koztat\u00f3ja <a href=\"https:\/\/www.mavcsoport.hu\/mavinform\/salgotarjan-oktober-23-tereles-rendezveny-miatt\" data-type=\"link\" data-id=\"https:\/\/www.mavcsoport.hu\/mavinform\/salgotarjan-oktober-23-tereles-rendezveny-miatt\" target=\"_blank\" rel=\"noreferrer noopener\">ide kattintva \u00e9rhet\u0151 el<\/a>.<\/p>\n","protected":false},"excerpt":{"rendered":"<p>V\u00e1rosi megeml\u00e9kez\u00e9s \u00e9s eml\u00e9kfut\u00e1s miatt lesz \u00fatlez\u00e1r\u00e1s a R\u00e1k\u00f3czi \u00faton 2025. okt\u00f3ber 23-\u00e1n.<\/p>\n","protected":false},"author":9,"featured_media":0,"comment_status":"closed","ping_status":"closed","sticky":false,"template":"","format":"standard","meta":{"footnotes":""},"categories":[10],"tags":[],"class_list":["post-16411","post","type-post","status-publish","format-standard","hentry","category-hirek-aktualitasok"],"_links":{"self":[{"href":"https:\/\/www.salgotarjan.hu\/index.php?rest_route=\/wp\/v2\/posts\/16411","targetHints":{"allow":["GET"]}}],"collection":[{"href":"https:\/\/www.salgotarjan.hu\/index.php?rest_route=\/wp\/v2\/posts"}],"about":[{"href":"https:\/\/www.salgotarjan.hu\/index.php?rest_route=\/wp\/v2\/types\/post"}],"author":[{"embeddable":true,"href":"https:\/\/www.salgotarjan.hu\/index.php?rest_route=\/wp\/v2\/users\/9"}],"replies":[{"embeddable":true,"href":"https:\/\/www.salgotarjan.hu\/index.php?rest_route=%2Fwp%2Fv2%2Fcomments&post=16411"}],"version-history":[{"count":1,"href":"https:\/\/www.salgotarjan.hu\/index.php?rest_route=\/wp\/v2\/posts\/16411\/revisions"}],"predecessor-version":[{"id":16412,"href":"https:\/\/www.salgotarjan.hu\/index.php?rest_route=\/wp\/v2\/posts\/16411\/revisions\/16412"}],"wp:attachment":[{"href":"https:\/\/www.salgotarjan.hu\/index.php?rest_route=%2Fwp%2Fv2%2Fmedia&parent=16411"}],"wp:term":[{"taxonomy":"category","embeddable":true,"href":"https:\/\/www.salgotarjan.hu\/index.php?rest_route=%2Fwp%2Fv2%2Fcategories&post=16411"},{"taxonomy":"post_tag","embeddable":true,"href":"https:\/\/www.salgotarjan.hu\/index.php?rest_route=%2Fwp%2Fv2%2Ftags&post=16411"}],"curies":[{"name":"wp","href":"https:\/\/api.w.org\/{rel}","templated":true}]}}