{"id":16395,"date":"2025-10-20T13:50:40","date_gmt":"2025-10-20T11:50:40","guid":{"rendered":"https:\/\/www.salgotarjan.hu\/?p=16395"},"modified":"2025-10-20T14:09:32","modified_gmt":"2025-10-20T12:09:32","slug":"tavhokimaradas-lesz-a-belvarosban-kedden","status":"publish","type":"post","link":"https:\/\/www.salgotarjan.hu\/?p=16395","title":{"rendered":"T\u00e1vh\u0151kimarad\u00e1s lesz a belv\u00e1ros sz\u00e1mos \u00e9p\u00fclet\u00e9ben kedden"},"content":{"rendered":"\n<p>Meghib\u00e1sodott egy jelent\u0151s keresztmetszet\u0171, v\u00e1rosi szinten is fontos szerepet bet\u00f6lt\u0151 t\u00e1vh\u0151 gerincvezet\u00e9k a\u00a0M\u00e1rcius 15. \u00fati k\u00f6zm\u0171alag\u00fatban halad\u00f3 szakaszon. A jav\u00edt\u00e1st\u00a02025. okt\u00f3ber 21-\u00e9n (kedden)\u00a0fogja elv\u00e9gezni a Salg\u00f3 Vagyon Kft.<br><br>A munk\u00e1latok\u00a00 \u00f3ra 30 perckor\u00a0fognak kezd\u0151dni \u00e9s el\u0151rel\u00e1that\u00f3lag\u00a023 \u00f3r\u00e1ig\u00a0tartanak majd. A jav\u00edt\u00e1s miatt sz\u00fcnetel majd a h\u0151szolg\u00e1ltat\u00e1s:<\/p>\n\n\n\n<ul class=\"wp-block-list\">\n<li>a Nyugati v\u00e1rosr\u00e9szben,<\/li>\n\n\n\n<li>a Kistarj\u00e1n \u00faton,<\/li>\n\n\n\n<li>az Arany J\u00e1nos \u00faton,<\/li>\n\n\n\n<li>a M\u00e1rcius 15. \u00fat 26-34. sz\u00e1m\u00fa \u00e9p\u00fcletekben,<\/li>\n\n\n\n<li>a R\u00e1k\u00f3czi \u00fat 2-10. sz\u00e1m\u00fa \u00e9p\u00fcletekben,<\/li>\n\n\n\n<li>a Salg\u00f3 Centerben,<\/li>\n\n\n\n<li>a R\u00e1k\u00f3czi \u00fat 13-ban<\/li>\n\n\n\n<li>\u00e9s a Klapka Gy\u00f6rgy \u00faton.<\/li>\n<\/ul>\n\n\n\n<p>Miut\u00e1n v\u00e1rosi szinten is fontos vezet\u00e9kr\u0151l van sz\u00f3, a v\u00e1ros tov\u00e1bbi ter\u00fcletein cs\u00f6kkentett t\u00e1vh\u0151szolg\u00e1ltat\u00e1s v\u00e1rhat\u00f3.&nbsp;A kellemetlens\u00e9g\u00e9rt eln\u00e9z\u00e9st \u00e9s t\u00fcrelmet k\u00e9r a Salg\u00f3 Vagyon Kft.<\/p>\n\n\n\n<p>A szolg\u00e1ltat\u00e1skies\u00e9ssel k\u00f6zvetlen\u00fcl \u00e9rintett \u00e9p\u00fcletekben m\u00e1r m\u00falt h\u00e9ten p\u00e9nteken kif\u00fcggesztett\u00e9k a munk\u00e1latokr\u00f3l sz\u00f3l\u00f3 t\u00e1j\u00e9koztat\u00f3t.<\/p>\n","protected":false},"excerpt":{"rendered":"<p>Meghib\u00e1sodott egy jelent\u0151s keresztmetszet\u0171, v\u00e1rosi szinten is fontos szerepet bet\u00f6lt\u0151 t\u00e1vf\u0171t\u00e9si gerincvezet\u00e9k a\u00a0M\u00e1rcius 15. \u00fati k\u00f6zm\u0171alag\u00fatban halad\u00f3 szakaszon.<\/p>\n","protected":false},"author":9,"featured_media":0,"comment_status":"closed","ping_status":"closed","sticky":false,"template":"","format":"standard","meta":{"footnotes":""},"categories":[10],"tags":[],"class_list":["post-16395","post","type-post","status-publish","format-standard","hentry","category-hirek-aktualitasok"],"_links":{"self":[{"href":"https:\/\/www.salgotarjan.hu\/index.php?rest_route=\/wp\/v2\/posts\/16395","targetHints":{"allow":["GET"]}}],"collection":[{"href":"https:\/\/www.salgotarjan.hu\/index.php?rest_route=\/wp\/v2\/posts"}],"about":[{"href":"https:\/\/www.salgotarjan.hu\/index.php?rest_route=\/wp\/v2\/types\/post"}],"author":[{"embeddable":true,"href":"https:\/\/www.salgotarjan.hu\/index.php?rest_route=\/wp\/v2\/users\/9"}],"replies":[{"embeddable":true,"href":"https:\/\/www.salgotarjan.hu\/index.php?rest_route=%2Fwp%2Fv2%2Fcomments&post=16395"}],"version-history":[{"count":1,"href":"https:\/\/www.salgotarjan.hu\/index.php?rest_route=\/wp\/v2\/posts\/16395\/revisions"}],"predecessor-version":[{"id":16398,"href":"https:\/\/www.salgotarjan.hu\/index.php?rest_route=\/wp\/v2\/posts\/16395\/revisions\/16398"}],"wp:attachment":[{"href":"https:\/\/www.salgotarjan.hu\/index.php?rest_route=%2Fwp%2Fv2%2Fmedia&parent=16395"}],"wp:term":[{"taxonomy":"category","embeddable":true,"href":"https:\/\/www.salgotarjan.hu\/index.php?rest_route=%2Fwp%2Fv2%2Fcategories&post=16395"},{"taxonomy":"post_tag","embeddable":true,"href":"https:\/\/www.salgotarjan.hu\/index.php?rest_route=%2Fwp%2Fv2%2Ftags&post=16395"}],"curies":[{"name":"wp","href":"https:\/\/api.w.org\/{rel}","templated":true}]}}