{"id":16393,"date":"2025-10-17T13:33:04","date_gmt":"2025-10-17T11:33:04","guid":{"rendered":"https:\/\/www.salgotarjan.hu\/?p=16393"},"modified":"2025-10-17T13:33:05","modified_gmt":"2025-10-17T11:33:05","slug":"ugyfelfogadasi-szunet-2","status":"publish","type":"post","link":"https:\/\/www.salgotarjan.hu\/?p=16393","title":{"rendered":"\u00dcgyf\u00e9lfogad\u00e1si sz\u00fcnet"},"content":{"rendered":"\n<p>T\u00e1j\u00e9koztatjuk Tisztelt \u00dcgyfeleinket, hogy 2025. okt\u00f3ber 18-\u00e1n (szombat) Salg\u00f3tarj\u00e1n Megyei Jog\u00fa V\u00e1ros Polg\u00e1rmesteri Hivatal\u00e1nak valamennyi irod\u00e1j\u00e1n sz\u00fcnetelni fog az \u00fcgyf\u00e9lfogad\u00e1s.<\/p>\n\n\n\n<p>Meg\u00e9rt\u00e9s\u00fcket k\u00f6sz\u00f6nj\u00fck!<\/p>\n\n\n\n<p>(A salg\u00f3tarj\u00e1ni v\u00e1rosh\u00e1za \u00e9p\u00fclet\u00e9ben m\u0171k\u00f6d\u0151 korm\u00e1nyablak az eml\u00edtett napon p\u00e9nteki \u00fcgyf\u00e9lfogad\u00e1si id\u0151 szerint fogadja majd az \u00fcgyfeleket!)<\/p>\n","protected":false},"excerpt":{"rendered":"<p>T\u00e1j\u00e9koztatjuk Tisztelt \u00dcgyfeleinket, hogy 2025. okt\u00f3ber 18-\u00e1n (szombat) Salg\u00f3tarj\u00e1n Megyei Jog\u00fa V\u00e1ros Polg\u00e1rmesteri Hivatal\u00e1nak valamennyi irod\u00e1j\u00e1n sz\u00fcnetelni fog az \u00fcgyf\u00e9lfogad\u00e1s.<\/p>\n","protected":false},"author":7,"featured_media":0,"comment_status":"closed","ping_status":"closed","sticky":false,"template":"","format":"standard","meta":{"footnotes":""},"categories":[10],"tags":[],"class_list":["post-16393","post","type-post","status-publish","format-standard","hentry","category-hirek-aktualitasok"],"_links":{"self":[{"href":"https:\/\/www.salgotarjan.hu\/index.php?rest_route=\/wp\/v2\/posts\/16393","targetHints":{"allow":["GET"]}}],"collection":[{"href":"https:\/\/www.salgotarjan.hu\/index.php?rest_route=\/wp\/v2\/posts"}],"about":[{"href":"https:\/\/www.salgotarjan.hu\/index.php?rest_route=\/wp\/v2\/types\/post"}],"author":[{"embeddable":true,"href":"https:\/\/www.salgotarjan.hu\/index.php?rest_route=\/wp\/v2\/users\/7"}],"replies":[{"embeddable":true,"href":"https:\/\/www.salgotarjan.hu\/index.php?rest_route=%2Fwp%2Fv2%2Fcomments&post=16393"}],"version-history":[{"count":1,"href":"https:\/\/www.salgotarjan.hu\/index.php?rest_route=\/wp\/v2\/posts\/16393\/revisions"}],"predecessor-version":[{"id":16394,"href":"https:\/\/www.salgotarjan.hu\/index.php?rest_route=\/wp\/v2\/posts\/16393\/revisions\/16394"}],"wp:attachment":[{"href":"https:\/\/www.salgotarjan.hu\/index.php?rest_route=%2Fwp%2Fv2%2Fmedia&parent=16393"}],"wp:term":[{"taxonomy":"category","embeddable":true,"href":"https:\/\/www.salgotarjan.hu\/index.php?rest_route=%2Fwp%2Fv2%2Fcategories&post=16393"},{"taxonomy":"post_tag","embeddable":true,"href":"https:\/\/www.salgotarjan.hu\/index.php?rest_route=%2Fwp%2Fv2%2Ftags&post=16393"}],"curies":[{"name":"wp","href":"https:\/\/api.w.org\/{rel}","templated":true}]}}