{"id":16357,"date":"2025-09-30T15:48:07","date_gmt":"2025-09-30T13:48:07","guid":{"rendered":"https:\/\/www.salgotarjan.hu\/?p=16357"},"modified":"2025-09-30T15:48:07","modified_gmt":"2025-09-30T13:48:07","slug":"palyazati-felhivas-112","status":"publish","type":"post","link":"https:\/\/www.salgotarjan.hu\/?p=16357","title":{"rendered":"P\u00e1ly\u00e1zati felh\u00edv\u00e1s"},"content":{"rendered":"\n<p>Salg\u00f3tarj\u00e1n Megyei Jog\u00fa V\u00e1ros \u00d6nkorm\u00e1nyzata a Kultur\u00e1lis \u00e9s Innov\u00e1ci\u00f3s Miniszt\u00e9riummal egy\u00fcttm\u0171k\u00f6dve, a fels\u0151oktat\u00e1sban r\u00e9szt vev\u0151 hallgat\u00f3k juttat\u00e1sair\u00f3l \u00e9s az \u00e1ltaluk fizetend\u0151 egyes t\u00e9r\u00edt\u00e9sekr\u0151l sz\u00f3l\u00f3 51\/2007. (III. 26.) Korm\u00e1nyrendelet alapj\u00e1n ezennel ki\u00edrja a 2026. \u00e9vre a Bursa Hungarica Fels\u0151oktat\u00e1si \u00d6nkorm\u00e1nyzati \u00d6szt\u00f6nd\u00edjp\u00e1ly\u00e1zatot fels\u0151oktat\u00e1si hallgat\u00f3k sz\u00e1m\u00e1ra a 2025\/2026. tan\u00e9v m\u00e1sodik \u00e9s a 2026\/2027. tan\u00e9v els\u0151 f\u00e9l\u00e9v\u00e9re vonatkoz\u00f3an.<\/p>\n\n\n\n<p>A r\u00e9szletes p\u00e1ly\u00e1zati ki\u00edr\u00e1s megtal\u00e1lhat\u00f3 az \u00d6nkorm\u00e1nyzat-> <a href=\"https:\/\/www.salgotarjan.hu\/?page_id=829\">P\u00e1ly\u00e1zatok<\/a> oldalon.<\/p>\n","protected":false},"excerpt":{"rendered":"<p>Salg\u00f3tarj\u00e1n Megyei Jog\u00fa V\u00e1ros \u00d6nkorm\u00e1nyzata a Kultur\u00e1lis \u00e9s Innov\u00e1ci\u00f3s Miniszt\u00e9riummal egy\u00fcttm\u0171k\u00f6dve, a fels\u0151oktat\u00e1sban r\u00e9szt vev\u0151 hallgat\u00f3k juttat\u00e1sair\u00f3l \u00e9s az \u00e1ltaluk fizetend\u0151 egyes t\u00e9r\u00edt\u00e9sekr\u0151l sz\u00f3l\u00f3 51\/2007. (III. 26.) Korm\u00e1nyrendelet alapj\u00e1n ezennel ki\u00edrja a 2026. \u00e9vre a Bursa Hungarica Fels\u0151oktat\u00e1si \u00d6nkorm\u00e1nyzati \u00d6szt\u00f6nd\u00edjp\u00e1ly\u00e1zatot fels\u0151oktat\u00e1si hallgat\u00f3k sz\u00e1m\u00e1ra a 2025\/2026. tan\u00e9v m\u00e1sodik \u00e9s a 2026\/2027. tan\u00e9v els\u0151 f\u00e9l\u00e9v\u00e9re vonatkoz\u00f3an.<\/p>\n","protected":false},"author":7,"featured_media":0,"comment_status":"closed","ping_status":"closed","sticky":false,"template":"","format":"standard","meta":{"footnotes":""},"categories":[10],"tags":[],"class_list":["post-16357","post","type-post","status-publish","format-standard","hentry","category-hirek-aktualitasok"],"_links":{"self":[{"href":"https:\/\/www.salgotarjan.hu\/index.php?rest_route=\/wp\/v2\/posts\/16357","targetHints":{"allow":["GET"]}}],"collection":[{"href":"https:\/\/www.salgotarjan.hu\/index.php?rest_route=\/wp\/v2\/posts"}],"about":[{"href":"https:\/\/www.salgotarjan.hu\/index.php?rest_route=\/wp\/v2\/types\/post"}],"author":[{"embeddable":true,"href":"https:\/\/www.salgotarjan.hu\/index.php?rest_route=\/wp\/v2\/users\/7"}],"replies":[{"embeddable":true,"href":"https:\/\/www.salgotarjan.hu\/index.php?rest_route=%2Fwp%2Fv2%2Fcomments&post=16357"}],"version-history":[{"count":1,"href":"https:\/\/www.salgotarjan.hu\/index.php?rest_route=\/wp\/v2\/posts\/16357\/revisions"}],"predecessor-version":[{"id":16358,"href":"https:\/\/www.salgotarjan.hu\/index.php?rest_route=\/wp\/v2\/posts\/16357\/revisions\/16358"}],"wp:attachment":[{"href":"https:\/\/www.salgotarjan.hu\/index.php?rest_route=%2Fwp%2Fv2%2Fmedia&parent=16357"}],"wp:term":[{"taxonomy":"category","embeddable":true,"href":"https:\/\/www.salgotarjan.hu\/index.php?rest_route=%2Fwp%2Fv2%2Fcategories&post=16357"},{"taxonomy":"post_tag","embeddable":true,"href":"https:\/\/www.salgotarjan.hu\/index.php?rest_route=%2Fwp%2Fv2%2Ftags&post=16357"}],"curies":[{"name":"wp","href":"https:\/\/api.w.org\/{rel}","templated":true}]}}