{"id":16337,"date":"2025-09-26T09:40:27","date_gmt":"2025-09-26T07:40:27","guid":{"rendered":"https:\/\/www.salgotarjan.hu\/?p=16337"},"modified":"2025-09-26T09:46:00","modified_gmt":"2025-09-26T07:46:00","slug":"versenykepes-jarasok-program","status":"publish","type":"post","link":"https:\/\/www.salgotarjan.hu\/?p=16337","title":{"rendered":"K\u00f6zlem\u00e9ny a Versenyk\u00e9pes J\u00e1r\u00e1sok Programban elnyert t\u00e1mogat\u00e1sr\u00f3l"},"content":{"rendered":"\n<p>A Versenyk\u00e9pes J\u00e1r\u00e1sok Program keret\u00e9ben Salg\u00f3tarj\u00e1n Megyei Jog\u00fa V\u00e1ros \u00d6nkorm\u00e1nyzata 2025. j\u00fanius 11. napj\u00e1n t\u00e1mogat\u00e1si ig\u00e9nyt ny\u00fajtott be 4034979969 iratazonos\u00edt\u00f3 sz\u00e1mon, &#8222;K\u00f6zbiztons\u00e1g jav\u00edt\u00e1sa \u00e9s t\u00e9rs\u00e9gi alapinfrastrukt\u00fara fejleszt\u00e9se a Salg\u00f3tarj\u00e1ni j\u00e1r\u00e1s ter\u00fclet\u00e9n&#8221; c\u00edmmel, melyet a K\u00f6zigazgat\u00e1si \u00e9s Ter\u00fcletfejleszt\u00e9si Miniszt\u00e9rium 2025. j\u00falius 15. napj\u00e1n t\u00e1mogat\u00e1sban r\u00e9szes\u00edtett.<\/p>\n\n\n<div class=\"wp-block-image\">\n<figure class=\"aligncenter size-medium\"><img loading=\"lazy\" decoding=\"async\" width=\"300\" height=\"229\" src=\"https:\/\/www.salgotarjan.hu\/wp-content\/uploads\/vjp_logo-300x229.png\" alt=\"\" class=\"wp-image-16341\" srcset=\"https:\/\/www.salgotarjan.hu\/wp-content\/uploads\/vjp_logo-300x229.png 300w, https:\/\/www.salgotarjan.hu\/wp-content\/uploads\/vjp_logo-768x587.png 768w, https:\/\/www.salgotarjan.hu\/wp-content\/uploads\/vjp_logo.png 838w\" sizes=\"auto, (max-width: 300px) 100vw, 300px\" \/><\/figure>\n<\/div>\n\n\n<p>A Program keret\u00e9ben t\u00f6rt\u00e9n\u0151 fejleszt\u00e9sek megval\u00f3s\u00edt\u00e1sa konzorciumi form\u00e1ban t\u00f6rt\u00e9nik \u00f6t m\u00e1sik telep\u00fcl\u00e9si \u00f6nkorm\u00e1nyzattal (B\u00e1rna K\u00f6zs\u00e9g \u00d6nkorm\u00e1nyzata, Kaz\u00e1r K\u00f6zs\u00e9g \u00d6nkorm\u00e1nyzata, M\u00e1traszele K\u00f6zs\u00e9g \u00d6nkorm\u00e1nyzata, R\u00e1k\u00f3czib\u00e1nya K\u00f6zs\u00e9g \u00d6nkorm\u00e1nyzata, Somosk\u0151\u00fajfalu K\u00f6zs\u00e9g \u00d6nkorm\u00e1nyzata) egy\u00fcttm\u0171k\u00f6dve.<br>A konzorcium eg\u00e9sz\u00e9re jut\u00f3 t\u00e1mogat\u00e1s \u00f6sszege 308.317.783 Ft, melyb\u0151l Salg\u00f3tarj\u00e1n Megyei Jog\u00fa V\u00e1ros \u00d6nkorm\u00e1nyzata sz\u00e1m\u00e1ra 249.999.999 Ft ker\u00fclt meg\u00edt\u00e9l\u00e9sre.<\/p>\n\n\n\n<p>A fejleszt\u00e9s alapvet\u0151 c\u00e9lja a k\u00f6z- \u00e9s k\u00f6zleked\u00e9sbiztons\u00e1g jav\u00edt\u00e1sa a Salg\u00f3tarj\u00e1ni j\u00e1r\u00e1s ter\u00fclet\u00e9n. A projekt legfontosabb eleme a Salg\u00f3tarj\u00e1ni j\u00e1r\u00e1s hat telep\u00fcl\u00e9s\u00e9nek egy\u00fcttm\u0171k\u00f6d\u00e9s\u00e9n alapul\u00f3 \u00faj t\u00e9rs\u00e9gi jelent\u0151s\u00e9g\u0171 \u00e9s kihat\u00e1s\u00fa k\u00f6zbiztons\u00e1got er\u0151s\u00edt\u0151 program l\u00e9trehoz\u00e1sa, mely kamararendszerekkel \u00e9s vonul\u00f3 k\u00f6zter\u00fcletfel\u00fcgyeleti szolg\u00e1lattal kieg\u00e9sz\u00fclve hat\u00e9konyan tudja szolg\u00e1lni Salg\u00f3tarj\u00e1n \u00e9s a tov\u00e1bbi \u00f6t \u00e9rintett telep\u00fcl\u00e9s lakoss\u00e1g\u00e1t, n\u00f6velve a k\u00f6zbiztons\u00e1got \u00e9s a szubjekt\u00edv k\u00f6zbiztons\u00e1g\u00e9rzetet.<\/p>\n\n\n\n<p>A projekt Salg\u00f3tarj\u00e1nt \u00e9rint\u0151 elemei k\u00f6z\u00e9 tartozik a t\u00e9rs\u00e9gi k\u00f6zter\u00fcletfel\u00fcgyeleti \u00e9s t\u00e9rfigyel\u0151 k\u00f6zpont l\u00e9trehoz\u00e1sa; \u00faj k\u00f6zter\u00fcletfel\u00fcgyel\u0151k alkalmaz\u00e1sa; digit\u00e1lis \u00e9s informatikai eszk\u00f6z\u00f6k, szerverek, felszerel\u00e9sek, technikai eszk\u00f6z\u00f6k, valamint az egyes telep\u00fcl\u00e9sek el\u00e9r\u00e9s\u00e9t szolg\u00e1l\u00f3 vonul\u00f3-jelleghez sz\u00fcks\u00e9ges 2 db elektromos g\u00e9pj\u00e1rm\u0171 beszerz\u00e9se. A k\u00f6zleked\u00e9sbiztons\u00e1g n\u00f6vel\u00e9se \u00e9rdek\u00e9ben telep\u00edt\u00e9sre ker\u00fcl traffibox is. Megval\u00f3sul a v\u00e1rosi t\u00e9rfigyel\u0151 kamerarendszer korszer\u0171s\u00edt\u00e9se \u00e9s \u00faj eszk\u00f6z\u00f6kkel t\u00f6rt\u00e9n\u0151 b\u0151v\u00edt\u00e9se is. Sor ker\u00fcl a v\u00e1rosi telev\u00edzi\u00f3 eszk\u00f6zparkj\u00e1nak fejleszt\u00e9s\u00e9re, illetve tov\u00e1bbi c\u00e9l a rend\u0151rs\u00e9ggel t\u00f6rt\u00e9n\u0151 egy\u00fcttm\u0171k\u00f6d\u00e9s meger\u0151s\u00edt\u00e9se a v\u00e1rosi j\u00e1r\u0151rszolg\u00e1lat t\u00e1mogat\u00e1sa \u00e9rdek\u00e9ben.<\/p>\n\n\n\n<p>A K\u00f6zbiztons\u00e1g jav\u00edt\u00e1sa \u00e9s t\u00e9rs\u00e9gi alapinfrastrukt\u00fara fejleszt\u00e9se a Salg\u00f3tarj\u00e1ni j\u00e1r\u00e1s ter\u00fclet\u00e9n projekt salg\u00f3tarj\u00e1ni r\u00e9sze Magyarorsz\u00e1g Korm\u00e1ny\u00e1nak a Versenyk\u00e9pes J\u00e1r\u00e1sok Program keret\u00e9ben biztos\u00edtott 249.999.999 forint \u00f6sszeg\u0171 t\u00e1mogat\u00e1s\u00e1val val\u00f3sul meg.<\/p>\n\n\n\n<p>A t\u00e1mogat\u00e1si \u00f6sszeg a napokban meg\u00e9rkezett az \u00f6nkorm\u00e1nyzathoz.<\/p>\n\n\n\n<p>Salg\u00f3tarj\u00e1n, 2025. szeptember 26.<\/p>\n","protected":false},"excerpt":{"rendered":"<p>A K\u00f6zbiztons\u00e1g jav\u00edt\u00e1sa \u00e9s t\u00e9rs\u00e9gi alapinfrastrukt\u00fara fejleszt\u00e9se a Salg\u00f3tarj\u00e1ni j\u00e1r\u00e1s ter\u00fclet\u00e9n projekt salg\u00f3tarj\u00e1ni r\u00e9sze Magyarorsz\u00e1g Korm\u00e1ny\u00e1nak a Versenyk\u00e9pes J\u00e1r\u00e1sok Program keret\u00e9ben biztos\u00edtott 249.999.999 forint \u00f6sszeg\u0171 t\u00e1mogat\u00e1s\u00e1val val\u00f3sul meg.<\/p>\n","protected":false},"author":9,"featured_media":16339,"comment_status":"closed","ping_status":"closed","sticky":false,"template":"","format":"standard","meta":{"footnotes":""},"categories":[10],"tags":[],"class_list":["post-16337","post","type-post","status-publish","format-standard","has-post-thumbnail","hentry","category-hirek-aktualitasok"],"_links":{"self":[{"href":"https:\/\/www.salgotarjan.hu\/index.php?rest_route=\/wp\/v2\/posts\/16337","targetHints":{"allow":["GET"]}}],"collection":[{"href":"https:\/\/www.salgotarjan.hu\/index.php?rest_route=\/wp\/v2\/posts"}],"about":[{"href":"https:\/\/www.salgotarjan.hu\/index.php?rest_route=\/wp\/v2\/types\/post"}],"author":[{"embeddable":true,"href":"https:\/\/www.salgotarjan.hu\/index.php?rest_route=\/wp\/v2\/users\/9"}],"replies":[{"embeddable":true,"href":"https:\/\/www.salgotarjan.hu\/index.php?rest_route=%2Fwp%2Fv2%2Fcomments&post=16337"}],"version-history":[{"count":1,"href":"https:\/\/www.salgotarjan.hu\/index.php?rest_route=\/wp\/v2\/posts\/16337\/revisions"}],"predecessor-version":[{"id":16347,"href":"https:\/\/www.salgotarjan.hu\/index.php?rest_route=\/wp\/v2\/posts\/16337\/revisions\/16347"}],"wp:featuredmedia":[{"embeddable":true,"href":"https:\/\/www.salgotarjan.hu\/index.php?rest_route=\/wp\/v2\/media\/16339"}],"wp:attachment":[{"href":"https:\/\/www.salgotarjan.hu\/index.php?rest_route=%2Fwp%2Fv2%2Fmedia&parent=16337"}],"wp:term":[{"taxonomy":"category","embeddable":true,"href":"https:\/\/www.salgotarjan.hu\/index.php?rest_route=%2Fwp%2Fv2%2Fcategories&post=16337"},{"taxonomy":"post_tag","embeddable":true,"href":"https:\/\/www.salgotarjan.hu\/index.php?rest_route=%2Fwp%2Fv2%2Ftags&post=16337"}],"curies":[{"name":"wp","href":"https:\/\/api.w.org\/{rel}","templated":true}]}}