{"id":16323,"date":"2025-09-24T09:20:52","date_gmt":"2025-09-24T07:20:52","guid":{"rendered":"https:\/\/www.salgotarjan.hu\/?p=16323"},"modified":"2025-09-24T09:21:11","modified_gmt":"2025-09-24T07:21:11","slug":"szirenaproba-lesz-salgotarjanban-oktober-elsejen","status":"publish","type":"post","link":"https:\/\/www.salgotarjan.hu\/?p=16323","title":{"rendered":"Szir\u00e9napr\u00f3ba lesz Salg\u00f3tarj\u00e1nban okt\u00f3ber elsej\u00e9n"},"content":{"rendered":"\n<p>A lakoss\u00e1gi riaszt\u00f3rendszer riaszt\u00f3, valamint riaszt\u00f3-t\u00e1j\u00e9koztat\u00f3 v\u00e9gpontjait, a riaszt\u00f3 eszk\u00f6z\u00f6k megl\u00e9t\u00e9t, \u00e1llapot\u00e1t, karbantartotts\u00e1g\u00e1t \u00e9s m\u0171k\u00f6d\u0151k\u00e9pess\u00e9g\u00e9t ellen\u0151rzi Salg\u00f3tarj\u00e1n ter\u00fclet\u00e9n 2025. okt\u00f3ber 1-\u00e9n a N\u00f3gr\u00e1d V\u00e1rmegyei Katasztr\u00f3fav\u00e9delmi Igazgat\u00f3s\u00e1g.<\/p>\n\n\n\n<p>Az \u00f6nkorm\u00e1nyzathoz \u00e9rkezett t\u00e1j\u00e9koztat\u00e1s szerint a szakemberek az ellen\u0151rz\u00e9s sor\u00e1n hangos pr\u00f3b\u00e1val gy\u0151z\u0151dnek majd meg az eszk\u00f6z\u00f6k m\u0171k\u00f6d\u0151k\u00e9pess\u00e9g\u00e9r\u0151l. A motoros szir\u00e9n\u00e1k hangos pr\u00f3b\u00e1ja a morgat\u00f3 szign\u00e1l kiad\u00e1s\u00e1val fog t\u00f6rt\u00e9nni, az arra alkalmas eszk\u00f6z\u00f6kb\u0151l emellett elhangzik majd a figyelemfelh\u00edv\u00e1s, miszerint:<\/p>\n\n\n\n<blockquote class=\"wp-block-quote is-layout-flow wp-block-quote-is-layout-flow\">\n<p>Figyelem! Figyelem! \u00d6n\u00f6k a lakoss\u00e1gi riaszt\u00f3 \u00e9s t\u00e1j\u00e9koztat\u00f3 eszk\u00f6z hangos \u00fczempr\u00f3b\u00e1j\u00e1t hallj\u00e1k. A riaszt\u00f3 rendszer m\u0171k\u00f6d\u0151k\u00e9pess\u00e9g\u00e9t ellen\u0151rizz\u00fck, a lakoss\u00e1gnak nincs teend\u0151je.<\/p>\n<\/blockquote>\n","protected":false},"excerpt":{"rendered":"<p>A lakoss\u00e1gi riaszt\u00f3rendszer m\u0171k\u00f6d\u0151k\u00e9pess\u00e9g\u00e9t ellen\u0151rzi Salg\u00f3tarj\u00e1n ter\u00fclet\u00e9n 2025. okt\u00f3ber 1-\u00e9n a N\u00f3gr\u00e1d V\u00e1rmegyei Katasztr\u00f3fav\u00e9delmi Igazgat\u00f3s\u00e1g.<\/p>\n","protected":false},"author":9,"featured_media":16324,"comment_status":"closed","ping_status":"closed","sticky":false,"template":"","format":"standard","meta":{"footnotes":""},"categories":[10],"tags":[],"class_list":["post-16323","post","type-post","status-publish","format-standard","has-post-thumbnail","hentry","category-hirek-aktualitasok"],"_links":{"self":[{"href":"https:\/\/www.salgotarjan.hu\/index.php?rest_route=\/wp\/v2\/posts\/16323","targetHints":{"allow":["GET"]}}],"collection":[{"href":"https:\/\/www.salgotarjan.hu\/index.php?rest_route=\/wp\/v2\/posts"}],"about":[{"href":"https:\/\/www.salgotarjan.hu\/index.php?rest_route=\/wp\/v2\/types\/post"}],"author":[{"embeddable":true,"href":"https:\/\/www.salgotarjan.hu\/index.php?rest_route=\/wp\/v2\/users\/9"}],"replies":[{"embeddable":true,"href":"https:\/\/www.salgotarjan.hu\/index.php?rest_route=%2Fwp%2Fv2%2Fcomments&post=16323"}],"version-history":[{"count":1,"href":"https:\/\/www.salgotarjan.hu\/index.php?rest_route=\/wp\/v2\/posts\/16323\/revisions"}],"predecessor-version":[{"id":16325,"href":"https:\/\/www.salgotarjan.hu\/index.php?rest_route=\/wp\/v2\/posts\/16323\/revisions\/16325"}],"wp:featuredmedia":[{"embeddable":true,"href":"https:\/\/www.salgotarjan.hu\/index.php?rest_route=\/wp\/v2\/media\/16324"}],"wp:attachment":[{"href":"https:\/\/www.salgotarjan.hu\/index.php?rest_route=%2Fwp%2Fv2%2Fmedia&parent=16323"}],"wp:term":[{"taxonomy":"category","embeddable":true,"href":"https:\/\/www.salgotarjan.hu\/index.php?rest_route=%2Fwp%2Fv2%2Fcategories&post=16323"},{"taxonomy":"post_tag","embeddable":true,"href":"https:\/\/www.salgotarjan.hu\/index.php?rest_route=%2Fwp%2Fv2%2Ftags&post=16323"}],"curies":[{"name":"wp","href":"https:\/\/api.w.org\/{rel}","templated":true}]}}