{"id":16221,"date":"2025-08-14T15:09:00","date_gmt":"2025-08-14T13:09:00","guid":{"rendered":"https:\/\/www.salgotarjan.hu\/?p=16221"},"modified":"2025-08-14T16:09:39","modified_gmt":"2025-08-14T14:09:39","slug":"tuzgyujtasi-tilalom-lepett-eletbe-4","status":"publish","type":"post","link":"https:\/\/www.salgotarjan.hu\/?p=16221","title":{"rendered":"T\u0171zgy\u00fajt\u00e1si tilalom l\u00e9pett \u00e9letbe!"},"content":{"rendered":"\n<p>A jelent\u0151s nappali felmeleged\u00e9s \u00e9s a csapad\u00e9khi\u00e1ny miatt ism\u00e9t orsz\u00e1gos t\u0171zgy\u00fajt\u00e1si tilalom l\u00e9pett \u00e9letbe. A tilalmat a Bel\u00fcgyminiszt\u00e9rium Orsz\u00e1gos Katasztr\u00f3fav\u00e9delmi F\u0151igazgat\u00f3s\u00e1g\u00e1nak egyet\u00e9rt\u00e9s\u00e9vel rendelt\u00e9k el.<\/p>\n\n\n\n<p>A Nemzeti \u00c9lelmiszerl\u00e1nc-biztons\u00e1gi Hivatal (N\u00e9bih) hangs\u00falyozza, hogy a t\u00fczek megel\u0151z\u00e9s\u00e9ben kiemelt szerepe van a lakoss\u00e1g felel\u0151s magatart\u00e1s\u00e1nak, mert az erd\u0151t\u00fczek t\u00f6bbs\u00e9g\u00e9t tov\u00e1bbra is emberi figyelmetlens\u00e9g, p\u00e9ld\u00e1ul egy eldobott csikk okozza.<\/p>\n\n\n\n<p>A N\u00e9bih k\u00f6z\u00f6lte, az orsz\u00e1g ter\u00fclet\u00e9n ism\u00e9t teljesen kisz\u00e1radt a biomassza az erd\u0151kben \u00e9s az azokkal szomsz\u00e9dos ter\u00fcleteken. A k\u00f6vetkez\u0151 napokban magas k\u00f6z\u00e9ph\u0151m\u00e9rs\u00e9klet \u00e9s csapad\u00e9kmentes id\u0151j\u00e1r\u00e1s v\u00e1rhat\u00f3, \u00edgy a kisz\u00e1radt erd\u0151talajok a kisebb csapad\u00e9kokat is azonnal elnyelik. Jelezt\u00e9k, a fenyves \u00e1llom\u00e1nyok, az erd\u0151fel\u00faj\u00edt\u00e1sok \u00e9s erd\u0151telep\u00edt\u00e9sek k\u00fcl\u00f6n\u00f6sen vesz\u00e9lyeztetettek.<\/p>\n\n\n\n<p>Hozz\u00e1tett\u00e9k, az extr\u00e9m sz\u00e1raz biomassza miatt gyorsan terjed a t\u0171z m\u00e1r kisebb sz\u00e9l vagy lejt\u0151hat\u00e1s eset\u00e9n is. N\u0151het tov\u00e1bb\u00e1 a keletkez\u0151 t\u00fczek intenzit\u00e1sa, a felsz\u00edni t\u00fczek 15-30 m\u00e9teres l\u00e1ngmagass\u00e1g\u00fa koronat\u0171zz\u00e9 fejl\u0151dhetnek, \u00e9s n\u0151 a t\u00fczek \u00fagynevezett ugr\u00f3t\u0171zpotenci\u00e1lja is, ami tov\u00e1bb gyors\u00edthatja a t\u0171zterjed\u00e9st.<\/p>\n\n\n\n<p>A tilalom idej\u00e9n tilos t\u00fczet gy\u00fajtani a k\u00fclter\u00fcleti ingatlanokon fekv\u0151 erd\u0151kben \u00e9s f\u00e1s\u00edt\u00e1sokban, valamint azok 200 m\u00e9teres k\u00f6rzet\u00e9ben.<\/p>\n\n\n\n<p>Az aktu\u00e1lis t\u0171zgy\u00fajt\u00e1si tilalomr\u00f3l \u00e9s a t\u0171zgy\u00fajt\u00e1si szab\u00e1lyokr\u00f3l a <a href=\"https:\/\/erdotuz.hu\/kezdolap\/\" data-type=\"link\" data-id=\"https:\/\/erdotuz.hu\/kezdolap\/\" target=\"_blank\" rel=\"noreferrer noopener\">www.erdotuz.hu<\/a> vagy a <a href=\"https:\/\/www.katasztrofavedelem.hu\/\" data-type=\"link\" data-id=\"https:\/\/www.katasztrofavedelem.hu\/\" target=\"_blank\" rel=\"noreferrer noopener\">www.katasztrofavedelem.hu<\/a> honlapon elhelyezett t\u00e9rk\u00e9pen lehet t\u00e1j\u00e9koz\u00f3dni.<\/p>\n\n\n\n<p>A hat\u00f3s\u00e1g arra k\u00e9r mindenkit, hogy fokozottan \u00fcgyeljen a t\u0171zgy\u00fajt\u00e1si tilalom betart\u00e1s\u00e1ra, hiszen felel\u0151s magatart\u00e1sukkal hatalmas k\u00f6rnyezeti \u00e9s vagyoni k\u00e1rt el\u0151zhetnek meg. M\u00e1r egy m\u00e1sodpercnyi odafigyel\u00e9s sz\u00e1z\u00f3r\u00e1s t\u0171zolt\u00e1st \u00e9s sz\u00e1z\u00e9ves erd\u00e9szeti helyre\u00e1ll\u00edt\u00e1st el\u0151zhet meg &#8211; \u00edrt\u00e1k.<\/p>\n","protected":false},"excerpt":{"rendered":"<p>A jelent\u0151s nappali felmeleged\u00e9s \u00e9s a csapad\u00e9khi\u00e1ny miatt ism\u00e9t orsz\u00e1gos t\u0171zgy\u00fajt\u00e1si tilalom l\u00e9pett \u00e9letbe.<\/p>\n","protected":false},"author":9,"featured_media":0,"comment_status":"closed","ping_status":"closed","sticky":false,"template":"","format":"standard","meta":{"footnotes":""},"categories":[10],"tags":[],"class_list":["post-16221","post","type-post","status-publish","format-standard","hentry","category-hirek-aktualitasok"],"_links":{"self":[{"href":"https:\/\/www.salgotarjan.hu\/index.php?rest_route=\/wp\/v2\/posts\/16221","targetHints":{"allow":["GET"]}}],"collection":[{"href":"https:\/\/www.salgotarjan.hu\/index.php?rest_route=\/wp\/v2\/posts"}],"about":[{"href":"https:\/\/www.salgotarjan.hu\/index.php?rest_route=\/wp\/v2\/types\/post"}],"author":[{"embeddable":true,"href":"https:\/\/www.salgotarjan.hu\/index.php?rest_route=\/wp\/v2\/users\/9"}],"replies":[{"embeddable":true,"href":"https:\/\/www.salgotarjan.hu\/index.php?rest_route=%2Fwp%2Fv2%2Fcomments&post=16221"}],"version-history":[{"count":1,"href":"https:\/\/www.salgotarjan.hu\/index.php?rest_route=\/wp\/v2\/posts\/16221\/revisions"}],"predecessor-version":[{"id":16222,"href":"https:\/\/www.salgotarjan.hu\/index.php?rest_route=\/wp\/v2\/posts\/16221\/revisions\/16222"}],"wp:attachment":[{"href":"https:\/\/www.salgotarjan.hu\/index.php?rest_route=%2Fwp%2Fv2%2Fmedia&parent=16221"}],"wp:term":[{"taxonomy":"category","embeddable":true,"href":"https:\/\/www.salgotarjan.hu\/index.php?rest_route=%2Fwp%2Fv2%2Fcategories&post=16221"},{"taxonomy":"post_tag","embeddable":true,"href":"https:\/\/www.salgotarjan.hu\/index.php?rest_route=%2Fwp%2Fv2%2Ftags&post=16221"}],"curies":[{"name":"wp","href":"https:\/\/api.w.org\/{rel}","templated":true}]}}