{"id":16219,"date":"2025-08-14T16:05:54","date_gmt":"2025-08-14T14:05:54","guid":{"rendered":"https:\/\/www.salgotarjan.hu\/?p=16219"},"modified":"2025-08-14T16:05:55","modified_gmt":"2025-08-14T14:05:55","slug":"a-legmagasabb-fokozatu-hosegriasztas-lepett-eletbe","status":"publish","type":"post","link":"https:\/\/www.salgotarjan.hu\/?p=16219","title":{"rendered":"A legmagasabb fokozat\u00fa h\u0151s\u00e9griaszt\u00e1s l\u00e9pett \u00e9letbe"},"content":{"rendered":"\n<p>Az Orsz\u00e1gos Tisztif\u0151orvos a HungaroMet Magyar Meteorol\u00f3giai Szolg\u00e1ltat\u00f3 Nonprofit Zrt. legfrissebb el\u0151rejelz\u00e9se alapj\u00e1n 2025. augusztus 14-\u00e9n (cs\u00fct\u00f6rt\u00f6k) 00.00 \u00f3r\u00e1t\u00f3l 2025. augusztus 17 -\u00e9n (vas\u00e1rnap) 24.00 \u00f3r\u00e1ig harmadfok\u00fa h\u0151s\u00e9griaszt\u00e1st rendel el az orsz\u00e1g teljes ter\u00fclet\u00e9re. A fokozott h\u0151terhel\u00e9s miatt k\u00fcl\u00f6n\u00f6sen fontos, hogy mindenki betartsa az eg\u00e9szs\u00e9gv\u00e9delmi \u00e9s biztons\u00e1gi aj\u00e1nl\u00e1sokat.<\/p>\n\n\n\n<p>A harmadfok\u00fa h\u0151s\u00e9griaszt\u00e1s a legmagasabb figyelmeztet\u00e9si szint, ekkora h\u0151s\u00e9g m\u00e1r mindenki sz\u00e1m\u00e1ra jelent\u0151s eg\u00e9szs\u00e9g\u00fcgyi kock\u00e1zatot jelent, m\u00e9g j\u00f3 \u00e1ltal\u00e1nos \u00e1llapot mellett is. A k\u00f6vetkez\u0151 napokban a napi k\u00f6z\u00e9ph\u0151m\u00e9rs\u00e9klet t\u00f6bb helyen meghaladhatja a 27 Celsius-fokot, a legmelegebb \u00f3r\u00e1kban ak\u00e1r 35 Celsius-fok f\u00f6l\u00e9 is emelkedhet a h\u0151m\u00e9rs\u00e9klet.<\/p>\n\n\n\n<p>A rendk\u00edv\u00fcli melegben a szervezet gyorsan kimer\u00fcl, a folyad\u00e9k- \u00e9s \u00e1sv\u00e1nyianyag-veszt\u00e9s pedig hamar rosszull\u00e9thez vezethet. Az alkohol-, a koffein- \u00e9s a magas cukortartalm\u00fa italok n\u00f6velik a kisz\u00e1rad\u00e1s kock\u00e1zat\u00e1t, ez\u00e9rt ezeket c\u00e9lszer\u0171 mell\u0151zni. A h\u00e9tv\u00e9g\u00e9re \u00e9s a ny\u00e1ri szabadt\u00e9ri programokra \u2013 fesztiv\u00e1lokra, sportesem\u00e9nyekre, strandol\u00e1sra \u2013 indul\u00f3knak \u00e9rdemes tudatosan felk\u00e9sz\u00fclni a k\u00e1nikul\u00e1ra. A legforr\u00f3bb \u00f3r\u00e1kban ker\u00fclj\u00e9k a t\u0171z\u0151 napot, keressenek \u00e1rny\u00e9kot, vagy h\u0171t\u00f6tt helyis\u00e9get.<\/p>\n\n\n\n<p>Kiemelten fontos, hogy gyermekeket, id\u0151seket, betegeket vagy h\u00e1zi\u00e1llatokat soha ne hagyjanak z\u00e1rt j\u00e1rm\u0171ben, m\u00e9g r\u00f6vid id\u0151re sem. A j\u00e1rm\u0171vek bels\u0151 h\u0151m\u00e9rs\u00e9klete percek alatt \u00e9letvesz\u00e9lyes szintre emelkedhet. Ha b\u00e1rki aut\u00f3ban hagyott embert vagy \u00e1llatot l\u00e1t, h\u00edvja a 112-es seg\u00e9lyh\u00edv\u00f3sz\u00e1mot.<\/p>\n\n\n\n<p>Utaz\u00e1s, vagy kir\u00e1ndul\u00e1s sor\u00e1n, illetve fesztiv\u00e1lon c\u00e9lszer\u0171 j\u00f3l z\u00e1rhat\u00f3 h\u0171t\u0151t\u00e1sk\u00e1ban t\u00e1rolni az \u00e9lelmiszereket.<\/p>\n\n\n\n<p>Vas\u00e1rnap \u00f3ta az eg\u00e9sz orsz\u00e1gban t\u0171zgy\u00fajt\u00e1si tilalom van \u00e9rv\u00e9nyben. Erd\u0151kben \u00e9s azok k\u00e9tsz\u00e1z m\u00e9teres k\u00f6rzet\u00e9ben tilos t\u00fczet gy\u00fajtani, m\u00e9g a kijel\u00f6lt t\u0171zrak\u00f3helyeken is. A n\u00f6v\u00e9nyzet mindenhol sz\u00e1raz, a legkisebb szikr\u00e1t\u00f3l \u00e9s h\u0151forr\u00e1st\u00f3l is meggyulladhat, ez\u00e9rt a szabadban sehol nem tan\u00e1csos t\u00fczet gy\u00fajtani. Saj\u00e1t kertben szabad bogr\u00e1csozni, grillezni, de a t\u00fczet ne hagyj\u00e1k fel\u00fcgyelet n\u00e9lk\u00fcl. Id\u00e9n m\u00e1r 8106 t\u0171z keletkezett a szabadban, 55 ember megs\u00e9r\u00fclt, a le\u00e9gett ter\u00fclet nagys\u00e1ga 93 milli\u00f3 n\u00e9gyzetm\u00e9ter.<\/p>\n\n\n\n<p>A nagy h\u0151s\u00e9gben cs\u00f6kkenhet a k\u00e9m\u00e9ny huzathat\u00e1sa, \u00edgy ahol ny\u00edlt \u00e9g\u00e9ster\u0171 v\u00edzmeleg\u00edt\u0151t haszn\u00e1lnak, sz\u00e9n-monoxid keletkezhet. Id\u00e9n ny\u00e1ron m\u00e1r 245 helyre riasztott\u00e1k a t\u0171zolt\u00f3kat sz\u00e9n-monoxid miatt.<\/p>\n\n\n\n<p>Ne feledj\u00fck: a kisgyermekek, id\u0151sek \u00e9s kr\u00f3nikus betegek k\u00fcl\u00f6n\u00f6sen \u00e9rz\u00e9kenyek a h\u0151terhel\u00e9sre. Gondoskodjunk r\u00f3luk, \u00e9s figyelj\u00fcnk egym\u00e1sra \u2013 a h\u0151s\u00e9gben az odafigyel\u00e9s \u00e9s a megel\u0151z\u00e9s \u00e9letet menthet.<\/p>\n\n\n\n<p>Az aktu\u00e1lis h\u0151s\u00e9griaszt\u00e1sokkal \u00e9s egy\u00e9b vesz\u00e9lyjelz\u00e9sekkel kapcsolatos inform\u00e1ci\u00f3k a katasztr\u00f3fav\u00e9delem V\u00c9SZ alkalmaz\u00e1s\u00e1n kereszt\u00fcl val\u00f3s id\u0151ben el\u00e9rhet\u0151k. Az applik\u00e1ci\u00f3 haszn\u00e1lata seg\u00edt felk\u00e9sz\u00fclni a sz\u00e9ls\u0151s\u00e9ges id\u0151j\u00e1r\u00e1si helyzetekre, \u00edgy mindenki id\u0151ben megteheti a sz\u00fcks\u00e9ges \u00f3vint\u00e9zked\u00e9seket.<\/p>\n","protected":false},"excerpt":{"rendered":"<p>A fokozott h\u0151terhel\u00e9s miatt k\u00fcl\u00f6n\u00f6sen fontos, hogy mindenki betartsa az eg\u00e9szs\u00e9gv\u00e9delmi \u00e9s biztons\u00e1gi aj\u00e1nl\u00e1sokat.<\/p>\n","protected":false},"author":9,"featured_media":0,"comment_status":"closed","ping_status":"closed","sticky":false,"template":"","format":"standard","meta":{"footnotes":""},"categories":[10],"tags":[],"class_list":["post-16219","post","type-post","status-publish","format-standard","hentry","category-hirek-aktualitasok"],"_links":{"self":[{"href":"https:\/\/www.salgotarjan.hu\/index.php?rest_route=\/wp\/v2\/posts\/16219","targetHints":{"allow":["GET"]}}],"collection":[{"href":"https:\/\/www.salgotarjan.hu\/index.php?rest_route=\/wp\/v2\/posts"}],"about":[{"href":"https:\/\/www.salgotarjan.hu\/index.php?rest_route=\/wp\/v2\/types\/post"}],"author":[{"embeddable":true,"href":"https:\/\/www.salgotarjan.hu\/index.php?rest_route=\/wp\/v2\/users\/9"}],"replies":[{"embeddable":true,"href":"https:\/\/www.salgotarjan.hu\/index.php?rest_route=%2Fwp%2Fv2%2Fcomments&post=16219"}],"version-history":[{"count":1,"href":"https:\/\/www.salgotarjan.hu\/index.php?rest_route=\/wp\/v2\/posts\/16219\/revisions"}],"predecessor-version":[{"id":16220,"href":"https:\/\/www.salgotarjan.hu\/index.php?rest_route=\/wp\/v2\/posts\/16219\/revisions\/16220"}],"wp:attachment":[{"href":"https:\/\/www.salgotarjan.hu\/index.php?rest_route=%2Fwp%2Fv2%2Fmedia&parent=16219"}],"wp:term":[{"taxonomy":"category","embeddable":true,"href":"https:\/\/www.salgotarjan.hu\/index.php?rest_route=%2Fwp%2Fv2%2Fcategories&post=16219"},{"taxonomy":"post_tag","embeddable":true,"href":"https:\/\/www.salgotarjan.hu\/index.php?rest_route=%2Fwp%2Fv2%2Ftags&post=16219"}],"curies":[{"name":"wp","href":"https:\/\/api.w.org\/{rel}","templated":true}]}}