{"id":16209,"date":"2025-08-12T13:16:00","date_gmt":"2025-08-12T11:16:00","guid":{"rendered":"https:\/\/www.salgotarjan.hu\/?p=16209"},"modified":"2025-09-12T14:58:57","modified_gmt":"2025-09-12T12:58:57","slug":"milyen-most-es-milyenne-valjon-salgotarjan-varoskozpontja","status":"publish","type":"post","link":"https:\/\/www.salgotarjan.hu\/?p=16209","title":{"rendered":"Milyen most \u00e9s milyenn\u00e9 v\u00e1ljon Salg\u00f3tarj\u00e1n v\u00e1rosk\u00f6zpontja?"},"content":{"rendered":"\n<p>Az \u00e9p\u00edt\u00e9si \u00e9s k\u00f6zleked\u00e9si miniszter 25\/2024. (XII. 30.) \u00c9KM utas\u00edt\u00e1sa Salg\u00f3tarj\u00e1n v\u00e1ros\u00e1t \u00e9rint\u0151 fejleszt\u00e9sekr\u0151l sz\u00f3l, mely t\u00f6bbek k\u00f6z\u00f6tt Salg\u00f3tarj\u00e1n Megyei Jog\u00fa V\u00e1ros 10 \u00e9ves V\u00e1rosk\u00f6zpont Rehabilit\u00e1ci\u00f3s Terv\u00e9nek elk\u00e9sz\u00edt\u00e9s\u00e9t is feladatul t\u0171zi ki. A folyamatnak jelenleg az els\u0151, vizsg\u00e1lati \u00fcteme zajlik. Itt az a c\u00e9l, hogy elk\u00e9sz\u00fclj\u00f6n egy dokument\u00e1ci\u00f3, mely a tervez\u00e9ssel \u00e9rintett ter\u00fcletre k\u00fcl\u00f6nb\u00f6z\u0151 szempontok szerint vizsg\u00e1latokat v\u00e9gez, ezek alapj\u00e1n helyzetelemz\u00e9st mutat be, illetve k\u00f6rvonalaz fejleszt\u00e9si c\u00e9lokat is.<\/p>\n\n\n\n<p>Salg\u00f3tarj\u00e1n Megyei Jog\u00fa V\u00e1ros \u00d6nkorm\u00e1nyzata ehhez a folyamathoz k\u00e9ri a lakoss\u00e1g v\u00e9lem\u00e9ny\u00e9t. Miut\u00e1n az adott t\u00e9ma egy \u00e1tfog\u00f3 v\u00e1ros\u00e9p\u00edt\u00e9szeti k\u00e9rd\u00e9sk\u00f6r, a kit\u00f6lt\u0151ket arra k\u00e9rj\u00fck, v\u00e1laszaikat ne befoly\u00e1solj\u00e1k egyes ingatlanok tulajdonviszonyai, vagy az egyes ter\u00fcletek eset\u00e9ben k\u00e9rd\u00e9sk\u00e9nt felv\u00e1zolt \u00e9p\u00edt\u00e9szeti megold\u00e1sok kivitelez\u00e9s\u00e9nek v\u00e9lt vagy val\u00f3s neh\u00e9zs\u00e9gei.<\/p>\n\n\n\n<p><a href=\"https:\/\/forms.gle\/xz7mYjQc8FJhjV4F6\" data-type=\"link\" data-id=\"https:\/\/forms.gle\/xz7mYjQc8FJhjV4F6\" target=\"_blank\" rel=\"noreferrer noopener\">K\u00e9rd\u0151\u00edv\u00fcnk ide kattintva \u00e9rhet\u0151 el<\/a>, a visszajelz\u00e9seket &#8211; anonim m\u00f3don &#8211; 2025. augusztus 18., (h\u00e9tf\u0151) \u00e9jf\u00e9lig bez\u00e1r\u00f3lag v\u00e1rjuk.<\/p>\n\n\n\n<p>A Salg\u00f3tarj\u00e1n Megyei Jog\u00fa V\u00e1ros Polg\u00e1rmesteri Hivatal\u00e1n\u00e1l ny\u00e1ri di\u00e1kmunk\u00e1t v\u00e9gz\u0151 fiatalok seg\u00edts\u00e9g\u00e9vel, a V\u00e1rosfejleszt\u00e9si Iroda koordin\u00e1l\u00e1s\u00e1val 2025. augusztus 12-13-\u00e1n offline, utcai v\u00e9lem\u00e9nygy\u0171jt\u00e9sre is sor ker\u00fcl. A fiatalok az eml\u00edtett napokon 8 \u00e9s 12 \u00f3ra k\u00f6z\u00f6tt, a postai alulj\u00e1r\u00f3, a pavilonsor \u00e9s a dr. F\u00f6rster K\u00e1lm\u00e1n eml\u00e9kpark k\u00f6rnyezet\u00e9ben k\u00e9rik ki az arra j\u00e1r\u00f3k v\u00e9lem\u00e9ny\u00e9t.<\/p>\n\n\n\n<p>Ezen fel\u00fcl 2025. augusztus 11-12-\u00e9n ker\u00fcl sor \u00f6sszesen 6 f\u00f3kuszcsoportos besz\u00e9lget\u00e9sre, t\u00f6bb mint 60 r\u00e9sztvev\u0151 k\u00f6zrem\u0171k\u00f6d\u00e9s\u00e9vel. Az \u00f6nkorm\u00e1nyzat \u00e1ltal megb\u00edzott szakemberek a felh\u00edv\u00e1sukra \u00f6nk\u00e9ntesen jelentkez\u0151 v\u00e1roslak\u00f3k mellett k\u00fcl\u00f6n besz\u00e9lgetnek a k\u00f6z\u00e9piskol\u00e1s koroszt\u00e1llyal, illetve a Salg\u00f3tarj\u00e1n Megyei Jog\u00fa V\u00e1ros Roma Nemzetis\u00e9gi \u00d6nkorm\u00e1nyzata \u00e1ltal szervezett f\u00f3kuszcsoporttal.<\/p>\n","protected":false},"excerpt":{"rendered":"<p>V\u00e1rjuk v\u00e9lem\u00e9ny\u00e9t a V\u00e1rosk\u00f6zpont Rehabilit\u00e1ci\u00f3s Terv elk\u00e9sz\u00edt\u00e9s\u00e9hez!<\/p>\n","protected":false},"author":9,"featured_media":16214,"comment_status":"closed","ping_status":"closed","sticky":false,"template":"","format":"standard","meta":{"footnotes":""},"categories":[10],"tags":[],"class_list":["post-16209","post","type-post","status-publish","format-standard","has-post-thumbnail","hentry","category-hirek-aktualitasok"],"_links":{"self":[{"href":"https:\/\/www.salgotarjan.hu\/index.php?rest_route=\/wp\/v2\/posts\/16209","targetHints":{"allow":["GET"]}}],"collection":[{"href":"https:\/\/www.salgotarjan.hu\/index.php?rest_route=\/wp\/v2\/posts"}],"about":[{"href":"https:\/\/www.salgotarjan.hu\/index.php?rest_route=\/wp\/v2\/types\/post"}],"author":[{"embeddable":true,"href":"https:\/\/www.salgotarjan.hu\/index.php?rest_route=\/wp\/v2\/users\/9"}],"replies":[{"embeddable":true,"href":"https:\/\/www.salgotarjan.hu\/index.php?rest_route=%2Fwp%2Fv2%2Fcomments&post=16209"}],"version-history":[{"count":1,"href":"https:\/\/www.salgotarjan.hu\/index.php?rest_route=\/wp\/v2\/posts\/16209\/revisions"}],"predecessor-version":[{"id":16215,"href":"https:\/\/www.salgotarjan.hu\/index.php?rest_route=\/wp\/v2\/posts\/16209\/revisions\/16215"}],"wp:featuredmedia":[{"embeddable":true,"href":"https:\/\/www.salgotarjan.hu\/index.php?rest_route=\/wp\/v2\/media\/16214"}],"wp:attachment":[{"href":"https:\/\/www.salgotarjan.hu\/index.php?rest_route=%2Fwp%2Fv2%2Fmedia&parent=16209"}],"wp:term":[{"taxonomy":"category","embeddable":true,"href":"https:\/\/www.salgotarjan.hu\/index.php?rest_route=%2Fwp%2Fv2%2Fcategories&post=16209"},{"taxonomy":"post_tag","embeddable":true,"href":"https:\/\/www.salgotarjan.hu\/index.php?rest_route=%2Fwp%2Fv2%2Ftags&post=16209"}],"curies":[{"name":"wp","href":"https:\/\/api.w.org\/{rel}","templated":true}]}}