{"id":16202,"date":"2025-08-12T10:37:47","date_gmt":"2025-08-12T08:37:47","guid":{"rendered":"https:\/\/www.salgotarjan.hu\/?p=16202"},"modified":"2025-08-12T10:43:23","modified_gmt":"2025-08-12T08:43:23","slug":"szuloi-tajekoztato-a-mini-bolcsodei-es-ovodai-gyermeketkeztetesrol","status":"publish","type":"post","link":"https:\/\/www.salgotarjan.hu\/?p=16202","title":{"rendered":"Sz\u00fcl\u0151i t\u00e1j\u00e9koztat\u00f3 a mini b\u00f6lcs\u0151dei \u00e9s \u00f3vodai gyermek\u00e9tkeztet\u00e9sr\u0151l"},"content":{"rendered":"\n<p>Az iskolai gyermek\u00e9tkeztet\u00e9ssel kapcsolatos feladatokat 2025. j\u00falius 1-t\u0151l Salg\u00f3tarj\u00e1n Megyei Jog\u00fa V\u00e1ros Polg\u00e1rmesteri Hivatala l\u00e1tja el.<\/p>\n\n\n\n<p>Az \u00f6nkorm\u00e1nyzat t\u00e1j\u00e9koztat\u00f3ja<\/p>\n\n\n\n<ul class=\"wp-block-list\">\n<li>az \u00e9tkez\u00e9s ig\u00e9nyl\u00e9s\u00e9r\u0151l;<\/li>\n\n\n\n<li>az adatv\u00e1ltoztat\u00e1s bejelent\u00e9s\u00e9r\u0151l vagy az \u00e9tkez\u00e9s m\u00f3dos\u00edt\u00e1s\u00e1r\u00f3l, megsz\u00fcntet\u00e9s\u00e9r\u0151l;<\/li>\n\n\n\n<li>az esetleges lemond\u00e1s m\u00f3dj\u00e1r\u00f3l;<\/li>\n\n\n\n<li>az ingyenes \u00e9tkez\u00e9s ig\u00e9nybev\u00e9tel\u00e9nek felt\u00e9teleir\u0151l \u00e9s m\u00f3dj\u00e1r\u00f3l;<\/li>\n\n\n\n<li>a t\u00e9r\u00edt\u00e9si d\u00edj fizet\u00e9s\u00e9nek m\u00f3dj\u00e1r\u00f3l \u00e9s szab\u00e1lyair\u00f3l;<\/li>\n\n\n\n<li>tov\u00e1bb\u00e1 a kapcsol\u00f3d\u00f3 el\u00e9rhet\u0151s\u00e9gekr\u0151l \u00e9s tov\u00e1bbi fontos inform\u00e1ci\u00f3kr\u00f3l<\/li>\n<\/ul>\n\n\n\n<p><a href=\"https:\/\/www.salgotarjan.hu\/wp-content\/uploads\/szuloi_tajekoztato_az_ovodai_es_bolcsodei_gyermeketkeztetesrol.pdf\" data-type=\"link\" data-id=\"https:\/\/www.salgotarjan.hu\/wp-content\/uploads\/szuloi_tajekoztato_iskolai_gyermeketkeztetesrol.pdf\" target=\"_blank\" rel=\"noreferrer noopener\">IDE KATTINTVA \u00c9RHET\u0150 EL<\/a>.<\/p>\n\n\n\n<p>A t\u00e1j\u00e9koztat\u00f3ban hivatkozott dokumentumok az al\u00e1bbi linkekre kattintva t\u00f6lthet\u0151k le:<\/p>\n\n\n\n<ul class=\"wp-block-list\">\n<li><a href=\"https:\/\/www.salgotarjan.hu\/wp-content\/uploads\/nyilatkozat_mini_bolcsodei_es_ovodai_gyermeketkeztetes_igenybevetelehez.pdf\" data-type=\"link\" data-id=\"https:\/\/www.salgotarjan.hu\/wp-content\/uploads\/nyilatkozat_intezmenyi_gyermeketkeztetes_igenybevetelehez.pdf\" target=\"_blank\" rel=\"noreferrer noopener\">NYILATKOZAT MINI B\u00d6LCS\u0150DEI \u00c9S \u00d3VODAI GYERMEK\u00c9TKEZTET\u00c9S IG\u00c9NYBEV\u00c9TEL\u00c9HEZ<\/a> c\u00edm\u0171 nyomtatv\u00e1ny<\/li>\n\n\n\n<li><a href=\"https:\/\/www.salgotarjan.hu\/wp-content\/uploads\/nyilatkozat_adatvaltozasrol_mini_bolcsodei_es_ovodai_gyermeketkeztetes.pdf\" data-type=\"link\" data-id=\"https:\/\/www.salgotarjan.hu\/wp-content\/uploads\/nyilatkozat_adatvaltoztatasrol_intezmenyi_gyermeketkeztetes.pdf\" target=\"_blank\" rel=\"noreferrer noopener\">NYILATKOZAT ADATV\u00c1LTOZ\u00c1SR\u00d3L MINI B\u00d6LCS\u0150DEI \u00c9S \u00d3VODAI GYERMEK\u00c9TKEZTET\u00c9S<\/a> c\u00edm\u0171 nyomtatv\u00e1ny<\/li>\n<\/ul>\n","protected":false},"excerpt":{"rendered":"<p>A mini b\u00f6lcs\u0151dei \u00e9s \u00f3vodai gyermek\u00e9tkeztet\u00e9ssel kapcsolatos feladatokat 2025. j\u00falius 1-t\u0151l Salg\u00f3tarj\u00e1n Megyei Jog\u00fa V\u00e1ros Polg\u00e1rmesteri Hivatala l\u00e1tja el.<\/p>\n","protected":false},"author":9,"featured_media":16207,"comment_status":"closed","ping_status":"closed","sticky":false,"template":"","format":"standard","meta":{"footnotes":""},"categories":[10,8],"tags":[],"class_list":["post-16202","post","type-post","status-publish","format-standard","has-post-thumbnail","hentry","category-hirek-aktualitasok","category-kiemelt"],"_links":{"self":[{"href":"https:\/\/www.salgotarjan.hu\/index.php?rest_route=\/wp\/v2\/posts\/16202","targetHints":{"allow":["GET"]}}],"collection":[{"href":"https:\/\/www.salgotarjan.hu\/index.php?rest_route=\/wp\/v2\/posts"}],"about":[{"href":"https:\/\/www.salgotarjan.hu\/index.php?rest_route=\/wp\/v2\/types\/post"}],"author":[{"embeddable":true,"href":"https:\/\/www.salgotarjan.hu\/index.php?rest_route=\/wp\/v2\/users\/9"}],"replies":[{"embeddable":true,"href":"https:\/\/www.salgotarjan.hu\/index.php?rest_route=%2Fwp%2Fv2%2Fcomments&post=16202"}],"version-history":[{"count":1,"href":"https:\/\/www.salgotarjan.hu\/index.php?rest_route=\/wp\/v2\/posts\/16202\/revisions"}],"predecessor-version":[{"id":16206,"href":"https:\/\/www.salgotarjan.hu\/index.php?rest_route=\/wp\/v2\/posts\/16202\/revisions\/16206"}],"wp:featuredmedia":[{"embeddable":true,"href":"https:\/\/www.salgotarjan.hu\/index.php?rest_route=\/wp\/v2\/media\/16207"}],"wp:attachment":[{"href":"https:\/\/www.salgotarjan.hu\/index.php?rest_route=%2Fwp%2Fv2%2Fmedia&parent=16202"}],"wp:term":[{"taxonomy":"category","embeddable":true,"href":"https:\/\/www.salgotarjan.hu\/index.php?rest_route=%2Fwp%2Fv2%2Fcategories&post=16202"},{"taxonomy":"post_tag","embeddable":true,"href":"https:\/\/www.salgotarjan.hu\/index.php?rest_route=%2Fwp%2Fv2%2Ftags&post=16202"}],"curies":[{"name":"wp","href":"https:\/\/api.w.org\/{rel}","templated":true}]}}