{"id":16102,"date":"2025-06-30T16:21:08","date_gmt":"2025-06-30T14:21:08","guid":{"rendered":"https:\/\/www.salgotarjan.hu\/?p=16102"},"modified":"2025-06-30T16:21:23","modified_gmt":"2025-06-30T14:21:23","slug":"augusztus-vegeig-nem-lehetseges-a-petofi-setany-somosko-es-eresztveny-kozotti-szakaszanak-bejarasa","status":"publish","type":"post","link":"https:\/\/www.salgotarjan.hu\/?p=16102","title":{"rendered":"Augusztus v\u00e9g\u00e9ig nem lehets\u00e9ges a Pet\u0151fi-s\u00e9t\u00e1ny Somosk\u0151 \u00e9s Eresztv\u00e9ny k\u00f6z\u00f6tti szakasz\u00e1nak bej\u00e1r\u00e1sa"},"content":{"rendered":"\n<p>Az \u00c9M\u00c1SZ \u00c1ramh\u00e1l\u00f3zati Kft. megb\u00edz\u00e1s\u00e1b\u00f3l elektromos f\u00f6ldk\u00e1bel lefektet\u00e9se kezd\u0151d\u00f6tt meg Salg\u00f3tarj\u00e1n Eresztv\u00e9ny \u00e9s Somosk\u0151 v\u00e1rosr\u00e9szei k\u00f6z\u00f6tt, a Pet\u0151fi-s\u00e9t\u00e1nyon. A v\u00e1rhat\u00f3an 2025. augusztus 31-ig tart\u00f3 munk\u00e1latok egyes f\u00e1zisaiban korl\u00e1tozni k\u00e9nyszer\u00fclnek majd az \u00fcd\u00fcl\u0151telkek megk\u00f6zel\u00edt\u00e9s\u00e9t, a kivitelez\u00e9s t\u00fara\u00fatvonalat is \u00e9rint.<\/p>\n\n\n\n<p>A Pet\u0151fi-s\u00e9t\u00e1ny Somosk\u0151 \u00e9s Eresztv\u00e9ny k\u00f6z\u00f6tt v\u00e1rhat\u00f3an j\u00falius v\u00e9g\u00e9ig nem \u00e1tj\u00e1rhat\u00f3, augusztus sor\u00e1n pedig csak munkaid\u0151n k\u00edv\u00fcli id\u0151szakokban lesz lehets\u00e9ges a gyalogos, illetve hegyiker\u00e9kp\u00e1ros turistajelz\u00e9sek haszn\u00e1lata a k\u00e9t telep\u00fcl\u00e9sr\u00e9sz k\u00f6t\u00f6tt.<\/p>\n\n\n\n<p>A kivitelez\u00e9s j\u00falius h\u00f3napban els\u0151sorban a Pet\u0151fi-s\u00e9t\u00e1ny somosk\u0151i el\u00e1gaz\u00f3ja \u00e9s a Pet\u0151fi-forr\u00e1s k\u00f6z\u00f6tt zajlik majd. Ezt a szakaszt lez\u00e1rt\u00e1k, a gyalogos \u00e9s hegyiker\u00e9kp\u00e1ros t\u00fara\u00fatvonal v\u00e1rhat\u00f3an 2025. j\u00falius 31-ig nem haszn\u00e1lhat\u00f3.<\/p>\n\n\n\n<p>Augusztus h\u00f3nap sor\u00e1n az Eresztv\u00e9nyi L\u00e1togat\u00f3k\u00f6zpont \u00e9s a Pet\u0151fi-forr\u00e1s k\u00f6z\u00f6tti szakaszt \u00e9rinti majd a kivitelez\u00e9s. A beruh\u00e1z\u00e1s ezen f\u00e1zis\u00e1ban a napk\u00f6zbeni \u00f3r\u00e1kban, a munkav\u00e9gz\u00e9sek idej\u00e9n lesz \u00e9rv\u00e9nyben teljes lez\u00e1r\u00e1s, munkaid\u0151n k\u00edv\u00fcl biztos\u00edtani fogj\u00e1k az \u00fcd\u00fcl\u0151telkek megk\u00f6zel\u00edt\u00e9s\u00e9t (\u00e9s a turisa\u00fat haszn\u00e1lat\u00e1t).<\/p>\n\n\n\n<p>A turist\u00e1k sz\u00e1m\u00e1ra Eresztv\u00e9ny \u00e9s Somosk\u0151 k\u00f6z\u00f6tt az Eresztv\u00e9nyi K\u0151b\u00e1ny\u00e1k Tan\u00f6sv\u00e9nyen \u00e9s a piros hegyiker\u00e9kp\u00e1ros turistajelz\u00e9sen vezet a legr\u00f6videbb ker\u00fcl\u0151\u00fat.<\/p>\n\n\n\n<p>A kivitelez\u00e9s a terv szerint 2025. augusztus 31-\u00e9n z\u00e1rul majd. K\u00e9rj\u00fck \u00e9s k\u00f6sz\u00f6nj\u00fck az \u00e9rintettek meg\u00e9rt\u00e9s\u00e9t, t\u00fcrelm\u00e9t.<\/p>\n","protected":false},"excerpt":{"rendered":"<p>Az \u00c9M\u00c1SZ \u00c1ramh\u00e1l\u00f3zati Kft. megb\u00edz\u00e1s\u00e1b\u00f3l elektromos f\u00f6ldk\u00e1bel lefektet\u00e9se kezd\u0151d\u00f6tt meg Salg\u00f3tarj\u00e1n Eresztv\u00e9ny \u00e9s Somosk\u0151 v\u00e1rosr\u00e9szei k\u00f6z\u00f6tt.<\/p>\n","protected":false},"author":9,"featured_media":0,"comment_status":"closed","ping_status":"closed","sticky":false,"template":"","format":"standard","meta":{"footnotes":""},"categories":[10],"tags":[],"class_list":["post-16102","post","type-post","status-publish","format-standard","hentry","category-hirek-aktualitasok"],"_links":{"self":[{"href":"https:\/\/www.salgotarjan.hu\/index.php?rest_route=\/wp\/v2\/posts\/16102","targetHints":{"allow":["GET"]}}],"collection":[{"href":"https:\/\/www.salgotarjan.hu\/index.php?rest_route=\/wp\/v2\/posts"}],"about":[{"href":"https:\/\/www.salgotarjan.hu\/index.php?rest_route=\/wp\/v2\/types\/post"}],"author":[{"embeddable":true,"href":"https:\/\/www.salgotarjan.hu\/index.php?rest_route=\/wp\/v2\/users\/9"}],"replies":[{"embeddable":true,"href":"https:\/\/www.salgotarjan.hu\/index.php?rest_route=%2Fwp%2Fv2%2Fcomments&post=16102"}],"version-history":[{"count":1,"href":"https:\/\/www.salgotarjan.hu\/index.php?rest_route=\/wp\/v2\/posts\/16102\/revisions"}],"predecessor-version":[{"id":16103,"href":"https:\/\/www.salgotarjan.hu\/index.php?rest_route=\/wp\/v2\/posts\/16102\/revisions\/16103"}],"wp:attachment":[{"href":"https:\/\/www.salgotarjan.hu\/index.php?rest_route=%2Fwp%2Fv2%2Fmedia&parent=16102"}],"wp:term":[{"taxonomy":"category","embeddable":true,"href":"https:\/\/www.salgotarjan.hu\/index.php?rest_route=%2Fwp%2Fv2%2Fcategories&post=16102"},{"taxonomy":"post_tag","embeddable":true,"href":"https:\/\/www.salgotarjan.hu\/index.php?rest_route=%2Fwp%2Fv2%2Ftags&post=16102"}],"curies":[{"name":"wp","href":"https:\/\/api.w.org\/{rel}","templated":true}]}}