{"id":16080,"date":"2025-06-25T09:11:42","date_gmt":"2025-06-25T07:11:42","guid":{"rendered":"https:\/\/www.salgotarjan.hu\/?p=16080"},"modified":"2025-06-25T09:18:53","modified_gmt":"2025-06-25T07:18:53","slug":"tuzgyujtasi-tilalom-lepett-eletbe-2","status":"publish","type":"post","link":"https:\/\/www.salgotarjan.hu\/?p=16080","title":{"rendered":"T\u0171zgy\u00fajt\u00e1si tilalom l\u00e9pett \u00e9letbe!"},"content":{"rendered":"\n<p>Az eg\u00e9sz orsz\u00e1got s\u00fajt\u00f3 k\u00e1nikula \u00e9s tart\u00f3s csapad\u00e9khi\u00e1ny miatt 2025. j\u00fanius 25-t\u0151l haz\u00e1nk teljes ter\u00fclet\u00e9n t\u0171zgy\u00fajt\u00e1si tilalom l\u00e9pett \u00e9letbe. Ennek \u00e9rtelm\u00e9ben szerd\u00e1t\u00f3l tilos t\u00fczet gy\u00fajtani a magyarorsz\u00e1gi erd\u0151kben, a vas\u00fat \u00e9s k\u00f6z\u00fat menti f\u00e1s\u00edt\u00e1sokban \u00e9s a kijel\u00f6lt t\u0171zrak\u00f3helyeken is. Tov\u00e1bb\u00e1 a parlag- \u00e9s gaz\u00e9get\u00e9s szint\u00e9n nem enged\u00e9lyezett a fokozottan t\u0171zvesz\u00e9lyes id\u0151szakban.<\/p>\n\n\n\n<p>A Nemzeti \u00c9lelmiszerl\u00e1nc-biztons\u00e1gi Hivatal <a href=\"https:\/\/portal.nebih.gov.hu\/-\/szerdatol-mar-az-egesz-orszagra-kiterjed-a-tuzgyujtasi-tilalom\" data-type=\"link\" data-id=\"https:\/\/portal.nebih.gov.hu\/-\/szerdatol-mar-az-egesz-orszagra-kiterjed-a-tuzgyujtasi-tilalom\" target=\"_blank\" rel=\"noreferrer noopener\">k\u00f6zl\u00e9se szerint<\/a> az orsz\u00e1g eg\u00e9sz ter\u00fclet\u00e9n a k\u00e1nikula \u00e9s csapad\u00e9khi\u00e1ny k\u00f6vetkezt\u00e9ben kisz\u00e1radt a biomassza az erd\u0151kben \u00e9s az azokkal szomsz\u00e9dos ter\u00fcleteken is egyar\u00e1nt. Minden f\u00e1s, sz\u00e1raz n\u00f6v\u00e9nyekkel bor\u00edtott ter\u00fcleten megn\u0151tt a t\u0171z kialakul\u00e1s\u00e1nak kock\u00e1zata. Az asz\u00e1lyos k\u00f6r\u00fclm\u00e9nyek \u00e9s az extr\u00e9m sz\u00e1raz biomassza miatt ak\u00e1r m\u00e1r egy kisebb sz\u00e9l is gyors t\u0171zterjed\u00e9st eredm\u00e9nyezhet, a felsz\u00edni t\u00fczek pedig k\u00f6nnyen 15-30 m\u00e9teres l\u00e1ngmagass\u00e1g\u00fa koronat\u0171zz\u00e9 fejl\u0151dhetnek.<\/p>\n\n\n\n<p>A fokozott t\u0171zkock\u00e1zatot m\u00e9rlegelve, a Nemzeti \u00c9lelmiszerl\u00e1nc-biztons\u00e1gi Hivatal (N\u00e9bih) a Bel\u00fcgyminiszt\u00e9rium Orsz\u00e1gos Katasztr\u00f3fav\u00e9delmi F\u0151igazgat\u00f3s\u00e1g\u00e1nak egyet\u00e9rt\u00e9s\u00e9vel, 2025. j\u00fanius 25-t\u0151l Magyarorsz\u00e1g eg\u00e9sz ter\u00fclet\u00e9n elrendelte a t\u0171zgy\u00fajt\u00e1si tilalmat. A t\u0171zgy\u00fajt\u00e1si tilalom idej\u00e9n tilos t\u00fczet gy\u00fajtani a k\u00fclter\u00fcleti ingatlanokon fekv\u0151 erd\u0151kben \u00e9s f\u00e1s\u00edt\u00e1sokban, valamint azok 200 m\u00e9teres k\u00f6rzet\u00e9ben, ide\u00e9rtve az interakt\u00edv t\u0171zgy\u00fajt\u00e1si tilalom t\u00e9rk\u00e9pen jel\u00f6lt ter\u00fcleteken tal\u00e1lhat\u00f3 t\u0171zrak\u00f3 helyeket, a vas\u00fat \u00e9s k\u00f6z\u00fat menti f\u00e1s\u00edt\u00e1sokat, valamint a parlag- \u00e9s gaz\u00e9get\u00e9st is.<\/p>\n\n\n\n<p>Az aktu\u00e1lis t\u0171zgy\u00fajt\u00e1si tilalomr\u00f3l \u00e9s a t\u0171zgy\u00fajt\u00e1si szab\u00e1lyokr\u00f3l a <a href=\"http:\/\/erdotuz.hu\/kezdolap\/\" data-type=\"link\" data-id=\"http:\/\/erdotuz.hu\/kezdolap\/\" target=\"_blank\" rel=\"noreferrer noopener\">www.erdotuz.hu<\/a> vagy a www.katasztrofavedelem.hu honlapon elhelyezett t\u00e9rk\u00e9pen t\u00e1j\u00e9koz\u00f3dhatnak.<\/p>\n\n\n\n<p>A hat\u00f3s\u00e1g k\u00e9ri a lakoss\u00e1got, hogy fokozottan \u00fcgyeljenek a t\u0171zgy\u00fajt\u00e1si tilalom betart\u00e1s\u00e1ra, hiszen felel\u0151s magatart\u00e1sukkal hatalmas k\u00f6rnyezeti \u00e9s vagyoni k\u00e1rt el\u0151zhetnek meg! 1 m\u00e1sodperc odafigyel\u00e9s 100 \u00f3r\u00e1s t\u0171zolt\u00e1st \u00e9s 100 \u00e9ves erd\u00e9szeti helyre\u00e1ll\u00edt\u00e1st el\u0151zhet meg!<\/p>\n","protected":false},"excerpt":{"rendered":"<p>Az eg\u00e9sz orsz\u00e1got s\u00fajt\u00f3 k\u00e1nikula \u00e9s tart\u00f3s csapad\u00e9khi\u00e1ny miatt 2025. j\u00fanius 25-t\u0151l haz\u00e1nk teljes ter\u00fclet\u00e9n t\u0171zgy\u00fajt\u00e1si tilalom l\u00e9pett \u00e9letbe.<\/p>\n","protected":false},"author":9,"featured_media":0,"comment_status":"closed","ping_status":"closed","sticky":false,"template":"","format":"standard","meta":{"footnotes":""},"categories":[10],"tags":[],"class_list":["post-16080","post","type-post","status-publish","format-standard","hentry","category-hirek-aktualitasok"],"_links":{"self":[{"href":"https:\/\/www.salgotarjan.hu\/index.php?rest_route=\/wp\/v2\/posts\/16080","targetHints":{"allow":["GET"]}}],"collection":[{"href":"https:\/\/www.salgotarjan.hu\/index.php?rest_route=\/wp\/v2\/posts"}],"about":[{"href":"https:\/\/www.salgotarjan.hu\/index.php?rest_route=\/wp\/v2\/types\/post"}],"author":[{"embeddable":true,"href":"https:\/\/www.salgotarjan.hu\/index.php?rest_route=\/wp\/v2\/users\/9"}],"replies":[{"embeddable":true,"href":"https:\/\/www.salgotarjan.hu\/index.php?rest_route=%2Fwp%2Fv2%2Fcomments&post=16080"}],"version-history":[{"count":1,"href":"https:\/\/www.salgotarjan.hu\/index.php?rest_route=\/wp\/v2\/posts\/16080\/revisions"}],"predecessor-version":[{"id":16082,"href":"https:\/\/www.salgotarjan.hu\/index.php?rest_route=\/wp\/v2\/posts\/16080\/revisions\/16082"}],"wp:attachment":[{"href":"https:\/\/www.salgotarjan.hu\/index.php?rest_route=%2Fwp%2Fv2%2Fmedia&parent=16080"}],"wp:term":[{"taxonomy":"category","embeddable":true,"href":"https:\/\/www.salgotarjan.hu\/index.php?rest_route=%2Fwp%2Fv2%2Fcategories&post=16080"},{"taxonomy":"post_tag","embeddable":true,"href":"https:\/\/www.salgotarjan.hu\/index.php?rest_route=%2Fwp%2Fv2%2Ftags&post=16080"}],"curies":[{"name":"wp","href":"https:\/\/api.w.org\/{rel}","templated":true}]}}