{"id":16006,"date":"2025-05-22T13:45:06","date_gmt":"2025-05-22T11:45:06","guid":{"rendered":"https:\/\/www.salgotarjan.hu\/?p=16006"},"modified":"2025-05-22T13:47:20","modified_gmt":"2025-05-22T11:47:20","slug":"modosul-a-vasuti-menetrend","status":"publish","type":"post","link":"https:\/\/www.salgotarjan.hu\/?p=16006","title":{"rendered":"P\u00e1lyakarbantart\u00e1s miatt m\u00f3dosul a vas\u00fati menetrend"},"content":{"rendered":"\n<p>P\u00e1lyakarbantart\u00e1si munk\u00e1latokat v\u00e9geznek 2025. m\u00e1jus 24-30. k\u00f6z\u00f6tt a 81-es sz\u00e1m\u00fa vas\u00fatvonalon Hatvan \u00e9s Somosk\u0151\u00fajfalu k\u00f6z\u00f6tt &#8211; h\u00edvja fel a figyelmet a M\u00e1vinform.<\/p>\n\n\n\n<p>A munk\u00e1latok miatt 2025. m\u00e1jus 24-25-\u00e9n a teljes vonalon v\u00e1g\u00e1nyz\u00e1r lesz \u00e9rv\u00e9nyben: Hatvan \u00e9s Somosk\u0151\u00fajfalu k\u00f6z\u00f6tt vonatp\u00f3tl\u00f3 aut\u00f3buszok fognak k\u00f6zlekedni, m\u00f3dos\u00edtott menetrend szerint.<\/p>\n\n\n\n<p>A M\u00c1V t\u00e1j\u00e9koztat\u00e1sa szerint 2025. m\u00e1jus 26-t\u00f3l 30-ig a v\u00e1g\u00e1nyz\u00e1r \u00e9s a p\u00f3tl\u00f3buszoz\u00e1s a salg\u00f3tarj\u00e1ni k\u00fcls\u0151 p\u00e1lyaudvar \u00e9s Somosk\u0151\u00fajfalu k\u00f6z\u00f6tti szakaszra korl\u00e1toz\u00f3dik majd.<\/p>\n\n\n\n<figure class=\"wp-block-gallery aligncenter has-nested-images columns-default is-cropped wp-block-gallery-1 is-layout-flex wp-block-gallery-is-layout-flex\">\n<figure class=\"wp-block-image size-large\"><a href=\"https:\/\/www.salgotarjan.hu\/wp-content\/uploads\/vgz_081_mh_trkp_web_page-0001.jpg\" target=\"_blank\"><img loading=\"lazy\" decoding=\"async\" width=\"725\" height=\"1024\" data-id=\"16007\" src=\"https:\/\/www.salgotarjan.hu\/wp-content\/uploads\/vgz_081_mh_trkp_web_page-0001-725x1024.jpg\" alt=\"\" class=\"wp-image-16007\" srcset=\"https:\/\/www.salgotarjan.hu\/wp-content\/uploads\/vgz_081_mh_trkp_web_page-0001-725x1024.jpg 725w, https:\/\/www.salgotarjan.hu\/wp-content\/uploads\/vgz_081_mh_trkp_web_page-0001-212x300.jpg 212w, https:\/\/www.salgotarjan.hu\/wp-content\/uploads\/vgz_081_mh_trkp_web_page-0001-768x1085.jpg 768w, https:\/\/www.salgotarjan.hu\/wp-content\/uploads\/vgz_081_mh_trkp_web_page-0001-1087x1536.jpg 1087w, https:\/\/www.salgotarjan.hu\/wp-content\/uploads\/vgz_081_mh_trkp_web_page-0001.jpg 1241w\" sizes=\"auto, (max-width: 725px) 100vw, 725px\" \/><\/a><\/figure>\n\n\n\n<figure class=\"wp-block-image size-large\"><a href=\"https:\/\/www.salgotarjan.hu\/wp-content\/uploads\/vgz_081_mh_trkp_web_page-0002.jpg\" target=\"_blank\"><img loading=\"lazy\" decoding=\"async\" width=\"725\" height=\"1024\" data-id=\"16008\" src=\"https:\/\/www.salgotarjan.hu\/wp-content\/uploads\/vgz_081_mh_trkp_web_page-0002-725x1024.jpg\" alt=\"\" class=\"wp-image-16008\" srcset=\"https:\/\/www.salgotarjan.hu\/wp-content\/uploads\/vgz_081_mh_trkp_web_page-0002-725x1024.jpg 725w, https:\/\/www.salgotarjan.hu\/wp-content\/uploads\/vgz_081_mh_trkp_web_page-0002-212x300.jpg 212w, https:\/\/www.salgotarjan.hu\/wp-content\/uploads\/vgz_081_mh_trkp_web_page-0002-768x1085.jpg 768w, https:\/\/www.salgotarjan.hu\/wp-content\/uploads\/vgz_081_mh_trkp_web_page-0002-1087x1536.jpg 1087w, https:\/\/www.salgotarjan.hu\/wp-content\/uploads\/vgz_081_mh_trkp_web_page-0002.jpg 1241w\" sizes=\"auto, (max-width: 725px) 100vw, 725px\" \/><\/a><\/figure>\n<\/figure>\n\n\n\n<p>R\u00e9szletes t\u00e1j\u00e9koztat\u00e1s:<br>&#8211; <a href=\"https:\/\/www.mavcsoport.hu\/sites\/default\/files\/upload\/line-lock\/v_81_hirdetmeny_hatvan-somoskoujfalu_05.24-05.25_v0424.pdf\" data-type=\"link\" data-id=\"https:\/\/www.mavcsoport.hu\/sites\/default\/files\/upload\/line-lock\/v_81_hirdetmeny_hatvan-somoskoujfalu_05.24-05.25_v0424.pdf\" target=\"_blank\" rel=\"noreferrer noopener\">A szem\u00e9lyvonatok helyett Hatvan \u00e9s Somosk\u0151\u00fajfalu k\u00f6z\u00f6tt vonatp\u00f3tl\u00f3 aut\u00f3buszok k\u00f6zlekednek 2025. m\u00e1jus 24-25-\u00e9n<\/a>.<br>&#8211; <a href=\"https:\/\/www.mavcsoport.hu\/sites\/default\/files\/upload\/line-lock\/vgz_081_mh_trkp_web.pdf\" data-type=\"link\" data-id=\"https:\/\/www.mavcsoport.hu\/sites\/default\/files\/upload\/line-lock\/vgz_081_mh_trkp_web.pdf\" target=\"_blank\" rel=\"noreferrer noopener\">T\u00e9rk\u00e9pes inform\u00e1ci\u00f3 a 2025. m\u00e1jus 24-25-i v\u00e1g\u00e1nyz\u00e1rr\u00f3l<\/a>.<br>&#8211; <a href=\"https:\/\/www.mavcsoport.hu\/sites\/default\/files\/upload\/line-lock\/v_81_hirdetmeny_salgotarjan_kulso_-_somoskoujfalu_05.26-05.30.pdf\" data-type=\"link\" data-id=\"https:\/\/www.mavcsoport.hu\/sites\/default\/files\/upload\/line-lock\/v_81_hirdetmeny_salgotarjan_kulso_-_somoskoujfalu_05.26-05.30.pdf\" target=\"_blank\" rel=\"noreferrer noopener\">A hirdetm\u00e9nyen szerepl\u0151 vonatok helyett vonatp\u00f3tl\u00f3 aut\u00f3buszok k\u00f6zlekednek 2025. m\u00e1jus 26-30. k\u00f6z\u00f6tt<\/a>.<br>&#8211; <a href=\"https:\/\/www.mavcsoport.hu\/sites\/default\/files\/upload\/line-lock\/vgz_081_mh_trkp_salgotarjan_0.pdf\" data-type=\"link\" data-id=\"https:\/\/www.mavcsoport.hu\/sites\/default\/files\/upload\/line-lock\/vgz_081_mh_trkp_salgotarjan_0.pdf\" target=\"_blank\" rel=\"noreferrer noopener\">T\u00e9rk\u00e9pes inform\u00e1ci\u00f3 a 2025. m\u00e1jus 26-30. k\u00f6z\u00f6tti v\u00e1g\u00e1nyz\u00e1rr\u00f3l<\/a>.<\/p>\n","protected":false},"excerpt":{"rendered":"<p>P\u00e1lyakarbantart\u00e1si munk\u00e1latokat v\u00e9geznek 2025. m\u00e1jus 24-30. k\u00f6z\u00f6tt a 81-es sz\u00e1m\u00fa vas\u00fatvonalon Hatvan \u00e9s Somosk\u0151\u00fajfalu k\u00f6z\u00f6tt &#8211; h\u00edvja fel a figyelmet a M\u00e1vinform.<\/p>\n","protected":false},"author":9,"featured_media":0,"comment_status":"closed","ping_status":"closed","sticky":false,"template":"","format":"standard","meta":{"footnotes":""},"categories":[10],"tags":[],"class_list":["post-16006","post","type-post","status-publish","format-standard","hentry","category-hirek-aktualitasok"],"_links":{"self":[{"href":"https:\/\/www.salgotarjan.hu\/index.php?rest_route=\/wp\/v2\/posts\/16006","targetHints":{"allow":["GET"]}}],"collection":[{"href":"https:\/\/www.salgotarjan.hu\/index.php?rest_route=\/wp\/v2\/posts"}],"about":[{"href":"https:\/\/www.salgotarjan.hu\/index.php?rest_route=\/wp\/v2\/types\/post"}],"author":[{"embeddable":true,"href":"https:\/\/www.salgotarjan.hu\/index.php?rest_route=\/wp\/v2\/users\/9"}],"replies":[{"embeddable":true,"href":"https:\/\/www.salgotarjan.hu\/index.php?rest_route=%2Fwp%2Fv2%2Fcomments&post=16006"}],"version-history":[{"count":1,"href":"https:\/\/www.salgotarjan.hu\/index.php?rest_route=\/wp\/v2\/posts\/16006\/revisions"}],"predecessor-version":[{"id":16013,"href":"https:\/\/www.salgotarjan.hu\/index.php?rest_route=\/wp\/v2\/posts\/16006\/revisions\/16013"}],"wp:attachment":[{"href":"https:\/\/www.salgotarjan.hu\/index.php?rest_route=%2Fwp%2Fv2%2Fmedia&parent=16006"}],"wp:term":[{"taxonomy":"category","embeddable":true,"href":"https:\/\/www.salgotarjan.hu\/index.php?rest_route=%2Fwp%2Fv2%2Fcategories&post=16006"},{"taxonomy":"post_tag","embeddable":true,"href":"https:\/\/www.salgotarjan.hu\/index.php?rest_route=%2Fwp%2Fv2%2Ftags&post=16006"}],"curies":[{"name":"wp","href":"https:\/\/api.w.org\/{rel}","templated":true}]}}