{"id":15996,"date":"2025-05-13T14:55:26","date_gmt":"2025-05-13T12:55:26","guid":{"rendered":"https:\/\/www.salgotarjan.hu\/?p=15996"},"modified":"2025-08-01T11:03:33","modified_gmt":"2025-08-01T09:03:33","slug":"tajekoztato-a-2025-evi-ebosszeirasrol","status":"publish","type":"post","link":"https:\/\/www.salgotarjan.hu\/?p=15996","title":{"rendered":"T\u00e1j\u00e9koztat\u00f3 a 2025. \u00e9vi eb\u00f6ssze\u00edr\u00e1sr\u00f3l"},"content":{"rendered":"\n<h2 class=\"wp-block-heading\">Tisztelt salg\u00f3tarj\u00e1ni Ebtart\u00f3k!<\/h2>\n\n\n\n<p>Salg\u00f3tarj\u00e1n Megyei Jog\u00fa V\u00e1ros \u00d6nkorm\u00e1nyzata \u2013 jogszab\u00e1lyi k\u00f6telezetts\u00e9g\u00e9nek eleget<br>t\u00e9ve \u2013 Salg\u00f3tarj\u00e1n k\u00f6zigazgat\u00e1si ter\u00fclet\u00e9n eb\u00f6ssze\u00edr\u00e1st v\u00e9gez.<\/p>\n\n\n\n<p>Az eb\u00f6ssze\u00edr\u00e1s sor\u00e1n az ebtart\u00f3k <strong>2025. m\u00e1jus 13. \u2013 2025. j\u00fanius 30.<\/strong> k\u00f6z\u00f6tti id\u0151szakban k\u00f6telesek a Salg\u00f3tarj\u00e1nban tartott ebekr\u0151l adatokat szolg\u00e1ltatni \u00e9s azokat az \u00f6nkorm\u00e1nyzat rendelkez\u00e9s\u00e9re bocs\u00e1tani. Felh\u00edvjuk az ebtart\u00f3k figyelm\u00e9t, hogy az adatszolg\u00e1ltat\u00e1s k\u00f6telez\u0151, mely kiz\u00e1r\u00f3lag hi\u00e1nytalan \u00e9s hat\u00e1rid\u0151ben t\u00f6rt\u00e9n\u0151 adatszolg\u00e1ltat\u00e1ssal teljes\u00edthet\u0151! Az adatszolg\u00e1ltat\u00e1si k\u00f6telezetts\u00e9g teljes\u00edt\u00e9s\u00e9t a Polg\u00e1rmesteri Hivatal Hat\u00f3s\u00e1gi Irod\u00e1j\u00e1nak munkat\u00e1rsai<\/p>\n\n\n\n<p class=\"has-text-align-center\"><strong>j\u00falius 1-j\u00e9t k\u00f6vet\u0151en ellen\u0151rizni fogj\u00e1k!<\/strong><\/p>\n\n\n\n<p>Az adatszolg\u00e1ltat\u00e1s teljes\u00edthet\u0151:<br><strong>I. elektronikus \u00faton<\/strong><\/p>\n\n\n\n<ul class=\"wp-block-list\">\n<li>a www.salgotarjan.hu weboldalon k\u00f6zz\u00e9tett <a href=\"https:\/\/docs.google.com\/forms\/d\/e\/1FAIpQLScZrYGQGA3uefttXsuV0avJkaLRaWUpbiPCLM9f-BFQPe7d0w\/viewform?usp=dialog\" target=\"_blank\" rel=\"noreferrer noopener\">elektronikus \u0171rlap<\/a> kit\u00f6lt\u00e9s\u00e9vel;<\/li>\n\n\n\n<li>e-mail \u00fczenetben a kit\u00f6lt\u00f6tt \u00e9s al\u00e1\u00edrt adatlap <a href=\"mailto:ebosszeiras@salgotarjan.hu\">ebosszeiras@salgotarjan.hu<\/a> c\u00edmre t\u00f6rt\u00e9n\u0151 megk\u00fcld\u00e9s\u00e9vel;<\/li>\n<\/ul>\n\n\n\n<p><strong>II. pap\u00edr alapon<\/strong><\/p>\n\n\n\n<ul class=\"wp-block-list\">\n<li>postai \u00faton a kit\u00f6lt\u00f6tt <a href=\"https:\/\/www.salgotarjan.hu\/wp-content\/uploads\/ebosszeiras_2025-adatlap.pdf\" target=\"_blank\" rel=\"noreferrer noopener\">adatlap<\/a> bek\u00fcld\u00e9s\u00e9vel a Salg\u00f3tarj\u00e1n MJV Polg\u00e1rmesteri Hivatala Hat\u00f3s\u00e1gi Iroda r\u00e9sz\u00e9re c\u00edmezve (3100 Salg\u00f3tarj\u00e1n, M\u00fazeum t\u00e9r 1.);<\/li>\n\n\n\n<li>szem\u00e9lyesen a Polg\u00e1rmesteri Hivatal f\u00f6ldszintj\u00e9n elhelyezett gy\u0171jt\u0151l\u00e1d\u00e1ba bedobva.<\/li>\n<\/ul>\n\n\n\n<p>Az adatlap a www.salgotarjan.hu weboldalr\u00f3l let\u00f6lthet\u0151, tov\u00e1bb\u00e1 t\u00e9r\u00edt\u00e9smentesen beszerezhet\u0151 a Polg\u00e1rmesteri Hivatalban (3100 Salg\u00f3tarj\u00e1n, M\u00fazeum t\u00e9r 1.) \u00fcgyf\u00e9lfogad\u00e1si id\u0151ben.<\/p>\n\n\n\n<p>Aki mulaszt\u00e1s\u00e1val az \u00e1llatok v\u00e9delm\u00e9re, k\u00edm\u00e9let\u00e9re vonatkoz\u00f3 jogszab\u00e1ly el\u0151\u00edr\u00e1sait megs\u00e9rti, vagy annak nem tesz eleget \u2013 k\u00fcl\u00f6n\u00f6s tekintettel a k\u00f6telez\u0151en el\u0151\u00edrt adatszolg\u00e1ltat\u00e1s elmulaszt\u00e1s\u00e1ra \u2013 az \u00e1llatok v\u00e9delm\u00e9r\u0151l \u00e9s k\u00edm\u00e9let\u00e9r\u0151l sz\u00f3l\u00f3 1998. \u00e9vi XXVIII. t\u00f6rv\u00e9ny rendelkez\u00e9seinek \u00e9rtelm\u00e9ben \u00e1llatv\u00e9delmi b\u00edrs\u00e1got k\u00f6teles fizetni.<\/p>\n\n\n\n<p class=\"has-text-align-center\"><strong>A b\u00edrs\u00e1g m\u00e9rt\u00e9ke 150.000 Ft.<\/strong><\/p>\n\n\n\n<p>Az \u00f6ssze\u00edr\u00e1ssal kapcsolatban tov\u00e1bbi inform\u00e1ci\u00f3, felvil\u00e1gos\u00edt\u00e1s k\u00e9rhet\u0151 Salg\u00f3tarj\u00e1n Megyei Jog\u00fa V\u00e1ros Polg\u00e1rmesteri Hivatal Hat\u00f3s\u00e1gi Irod\u00e1j\u00e1n (telefonon: (32) 422-397, email: hatosag@salgotarjan.hu).<\/p>\n\n\n\n<p>A hivatalos t\u00e1j\u00e9koztat\u00f3 megtekinthet\u0151 a k\u00f6vetkez\u0151 <a href=\"https:\/\/www.salgotarjan.hu\/wp-content\/uploads\/ebosszeiras_2025-tajekoztato.pdf\" target=\"_blank\" rel=\"noreferrer noopener\">linken<\/a> (pdf).<\/p>\n","protected":false},"excerpt":{"rendered":"<p>Tisztelt salg\u00f3tarj\u00e1ni Ebtart\u00f3k! Salg\u00f3tarj\u00e1n Megyei Jog\u00fa V\u00e1ros \u00d6nkorm\u00e1nyzata \u2013 jogszab\u00e1lyi k\u00f6telezetts\u00e9g\u00e9nek eleget<br \/>\nt\u00e9ve \u2013 Salg\u00f3tarj\u00e1n k\u00f6zigazgat\u00e1si ter\u00fclet\u00e9n eb\u00f6ssze\u00edr\u00e1st v\u00e9gez.<\/p>\n","protected":false},"author":7,"featured_media":12217,"comment_status":"closed","ping_status":"closed","sticky":false,"template":"","format":"standard","meta":{"footnotes":""},"categories":[10],"tags":[],"class_list":["post-15996","post","type-post","status-publish","format-standard","has-post-thumbnail","hentry","category-hirek-aktualitasok"],"_links":{"self":[{"href":"https:\/\/www.salgotarjan.hu\/index.php?rest_route=\/wp\/v2\/posts\/15996","targetHints":{"allow":["GET"]}}],"collection":[{"href":"https:\/\/www.salgotarjan.hu\/index.php?rest_route=\/wp\/v2\/posts"}],"about":[{"href":"https:\/\/www.salgotarjan.hu\/index.php?rest_route=\/wp\/v2\/types\/post"}],"author":[{"embeddable":true,"href":"https:\/\/www.salgotarjan.hu\/index.php?rest_route=\/wp\/v2\/users\/7"}],"replies":[{"embeddable":true,"href":"https:\/\/www.salgotarjan.hu\/index.php?rest_route=%2Fwp%2Fv2%2Fcomments&post=15996"}],"version-history":[{"count":1,"href":"https:\/\/www.salgotarjan.hu\/index.php?rest_route=\/wp\/v2\/posts\/15996\/revisions"}],"predecessor-version":[{"id":15999,"href":"https:\/\/www.salgotarjan.hu\/index.php?rest_route=\/wp\/v2\/posts\/15996\/revisions\/15999"}],"wp:featuredmedia":[{"embeddable":true,"href":"https:\/\/www.salgotarjan.hu\/index.php?rest_route=\/wp\/v2\/media\/12217"}],"wp:attachment":[{"href":"https:\/\/www.salgotarjan.hu\/index.php?rest_route=%2Fwp%2Fv2%2Fmedia&parent=15996"}],"wp:term":[{"taxonomy":"category","embeddable":true,"href":"https:\/\/www.salgotarjan.hu\/index.php?rest_route=%2Fwp%2Fv2%2Fcategories&post=15996"},{"taxonomy":"post_tag","embeddable":true,"href":"https:\/\/www.salgotarjan.hu\/index.php?rest_route=%2Fwp%2Fv2%2Ftags&post=15996"}],"curies":[{"name":"wp","href":"https:\/\/api.w.org\/{rel}","templated":true}]}}