{"id":15982,"date":"2025-04-29T15:26:21","date_gmt":"2025-04-29T13:26:21","guid":{"rendered":"https:\/\/www.salgotarjan.hu\/?p=15982"},"modified":"2025-04-29T15:26:21","modified_gmt":"2025-04-29T13:26:21","slug":"ugyfelfogadasi-rend-valtozasa-22","status":"publish","type":"post","link":"https:\/\/www.salgotarjan.hu\/?p=15982","title":{"rendered":"\u00dcgyf\u00e9lfogad\u00e1si rend v\u00e1ltoz\u00e1sa"},"content":{"rendered":"\n<p>T\u00e1j\u00e9koztatjuk Tisztelt \u00dcgyfeleinket, hogy <strong>2025. m\u00e1jus 1-\u00e9n (cs\u00fct\u00f6rt\u00f6k\u00f6n), 2025. m\u00e1jus 2-\u00e1n (p\u00e9nteken) munkasz\u00fcneti napokon, illetve 2025. m\u00e1jus 17-\u00e9n (szombaton)<\/strong>, Salg\u00f3tarj\u00e1n Megyei Jog\u00fa V\u00e1ros Polg\u00e1rmesteri Hivatal\u00e1nak valamennyi irod\u00e1j\u00e1n <strong>az \u00fcgyf\u00e9lfogad\u00e1s sz\u00fcnetel<\/strong>.<\/p>\n\n\n\n<p>Meg\u00e9rt\u00e9s\u00fcket k\u00f6sz\u00f6nj\u00fck!<\/p>\n\n\n\n<p>A jegyz\u0151i t\u00e1j\u00e9koztat\u00e1s megtekinthet\u0151 a <a href=\"https:\/\/www.salgotarjan.hu\/wp-content\/uploads\/ugyfelfogadasi_rend_valtozasa_2025_majus_250429.pdf\" data-type=\"link\" data-id=\"https:\/\/www.salgotarjan.hu\/wp-content\/uploads\/ugyfelfogadasi_rend_valtozasa_2025_majus_250429.pdf\" target=\"_blank\" rel=\"noreferrer noopener\">linkre kattintva<\/a> (pdf).<\/p>\n","protected":false},"excerpt":{"rendered":"<p>T\u00e1j\u00e9koztatjuk Tisztelt \u00dcgyfeleinket, hogy 2025. m\u00e1jus 1-\u00e9n (cs\u00fct\u00f6rt\u00f6k\u00f6n), 2025. m\u00e1jus 2-\u00e1n (p\u00e9nteken) munkasz\u00fcneti napokon, illetve 2025. m\u00e1jus 17-\u00e9n (szombaton), Salg\u00f3tarj\u00e1n Megyei Jog\u00fa V\u00e1ros Polg\u00e1rmesteri Hivatal\u00e1nak valamennyi irod\u00e1j\u00e1n az \u00fcgyf\u00e9lfogad\u00e1s sz\u00fcnetel.<\/p>\n","protected":false},"author":7,"featured_media":0,"comment_status":"closed","ping_status":"closed","sticky":false,"template":"","format":"standard","meta":{"footnotes":""},"categories":[10],"tags":[],"class_list":["post-15982","post","type-post","status-publish","format-standard","hentry","category-hirek-aktualitasok"],"_links":{"self":[{"href":"https:\/\/www.salgotarjan.hu\/index.php?rest_route=\/wp\/v2\/posts\/15982","targetHints":{"allow":["GET"]}}],"collection":[{"href":"https:\/\/www.salgotarjan.hu\/index.php?rest_route=\/wp\/v2\/posts"}],"about":[{"href":"https:\/\/www.salgotarjan.hu\/index.php?rest_route=\/wp\/v2\/types\/post"}],"author":[{"embeddable":true,"href":"https:\/\/www.salgotarjan.hu\/index.php?rest_route=\/wp\/v2\/users\/7"}],"replies":[{"embeddable":true,"href":"https:\/\/www.salgotarjan.hu\/index.php?rest_route=%2Fwp%2Fv2%2Fcomments&post=15982"}],"version-history":[{"count":1,"href":"https:\/\/www.salgotarjan.hu\/index.php?rest_route=\/wp\/v2\/posts\/15982\/revisions"}],"predecessor-version":[{"id":15983,"href":"https:\/\/www.salgotarjan.hu\/index.php?rest_route=\/wp\/v2\/posts\/15982\/revisions\/15983"}],"wp:attachment":[{"href":"https:\/\/www.salgotarjan.hu\/index.php?rest_route=%2Fwp%2Fv2%2Fmedia&parent=15982"}],"wp:term":[{"taxonomy":"category","embeddable":true,"href":"https:\/\/www.salgotarjan.hu\/index.php?rest_route=%2Fwp%2Fv2%2Fcategories&post=15982"},{"taxonomy":"post_tag","embeddable":true,"href":"https:\/\/www.salgotarjan.hu\/index.php?rest_route=%2Fwp%2Fv2%2Ftags&post=15982"}],"curies":[{"name":"wp","href":"https:\/\/api.w.org\/{rel}","templated":true}]}}