{"id":15950,"date":"2025-05-27T12:03:00","date_gmt":"2025-05-27T10:03:00","guid":{"rendered":"https:\/\/www.salgotarjan.hu\/?p=15950"},"modified":"2026-02-05T11:22:12","modified_gmt":"2026-02-05T10:22:12","slug":"aktualis-allashirdetesek","status":"publish","type":"post","link":"https:\/\/www.salgotarjan.hu\/?p=15950","title":{"rendered":"Kedvezm\u00e9nyes g\u00e1zd\u00edjon biztos\u00edtott f\u00f6ldg\u00e1zmennyis\u00e9g ig\u00e9nybev\u00e9tele"},"content":{"rendered":"\n<p>2025. augusztus 01-t\u0151l v\u00e1ltoztak a kedvezm\u00e9ny ig\u00e9nyl\u00e9s\u00e9hez sz\u00fcks\u00e9ges hat\u00f3s\u00e1gi bizony\u00edtv\u00e1ny ir\u00e1nti k\u00e9relmekkel kapcsolatos el\u0151\u00edr\u00e1sok, k\u00f6vetelm\u00e9nyek.<\/p>\n\n\n\n<p>A tov\u00e1bbiakban a kedvezm\u00e9nyt azok a lakoss\u00e1gi fogyaszt\u00f3k vehetik ig\u00e9nybe, akik t\u00e1rsash\u00e1znak, lak\u00e1ssz\u00f6vetkezetnek nem min\u0151s\u00fcl\u0151 felhaszn\u00e1l\u00e1si helyen bel\u00fcl vagy \u00f6n\u00e1ll\u00f3 felhaszn\u00e1l\u00e1si helyet k\u00e9pez\u0151, a t\u00e1rsash\u00e1z alap\u00edt\u00f3 okirata szerinti t\u00e1rsash\u00e1zi albet\u00e9ten bel\u00fcl \u00e9lnek, ahol legfeljebb n\u00e9gy, a telep\u00fcl\u00e9srendez\u00e9si \u00e9s \u00e9p\u00edt\u00e9si k\u00f6vetelm\u00e9nyek alapszab\u00e1lyzat\u00e1r\u00f3l sz\u00f3l\u00f3 280\/2024. (IX. 30.) Korm. rendelet (a tov\u00e1bbiakban: T\u00c9KA) 126. \u00a7-a szerinti lak\u00e1s rendeltet\u00e9si egys\u00e9g tal\u00e1lhat\u00f3, de csak egy k\u00f6z\u00f6s g\u00e1z\u00f3r\u00e1val rendelkezik.<\/p>\n\n\n\n<p>Az err\u0151l sz\u00f3l\u00f3 r\u00e9szletes t\u00e1j\u00e9koztat\u00e1s <a href=\"https:\/\/www.salgotarjan.hu\/wp-content\/uploads\/tajekoztato_2026_januar.pdf\" data-type=\"link\" data-id=\"https:\/\/www.salgotarjan.hu\/wp-content\/uploads\/tajekoztato_2026_januar.pdf\" target=\"_blank\" rel=\"noreferrer noopener\">ide kattintva olvashat\u00f3<\/a>.<\/p>\n\n\n\n<p>A hat\u00f3s\u00e1gi bizony\u00edtv\u00e1ny ir\u00e1nti k\u00e9relem <a href=\"https:\/\/www.salgotarjan.hu\/wp-content\/uploads\/hat_biz_kerelem_2026_januar.pdf\" data-type=\"link\" data-id=\"https:\/\/www.salgotarjan.hu\/wp-content\/uploads\/hat_biz_kerelem_foldgaz_2025.docx\" target=\"_blank\" rel=\"noreferrer noopener\">ide kattintva t\u00f6lthet\u0151 le<\/a>.<\/p>\n","protected":false},"excerpt":{"rendered":"<p>Salg\u00f3tarj\u00e1n Megyei Jog\u00fa V\u00e1ros Polg\u00e1rmesteri Hivatala p\u00e1ly\u00e1zatot hirdet k\u00f6zszolg\u00e1lati jogviszony keret\u00e9ben az al\u00e1bbi \u00fcgyint\u00e9z\u0151 munkak\u00f6r\u00f6k \/ feladatk\u00f6r\u00f6k bet\u00f6lt\u00e9s\u00e9re.<\/p>\n","protected":false},"author":9,"featured_media":13789,"comment_status":"closed","ping_status":"closed","sticky":false,"template":"","format":"standard","meta":{"footnotes":""},"categories":[10,8],"tags":[],"class_list":["post-15950","post","type-post","status-publish","format-standard","has-post-thumbnail","hentry","category-hirek-aktualitasok","category-kiemelt"],"_links":{"self":[{"href":"https:\/\/www.salgotarjan.hu\/index.php?rest_route=\/wp\/v2\/posts\/15950","targetHints":{"allow":["GET"]}}],"collection":[{"href":"https:\/\/www.salgotarjan.hu\/index.php?rest_route=\/wp\/v2\/posts"}],"about":[{"href":"https:\/\/www.salgotarjan.hu\/index.php?rest_route=\/wp\/v2\/types\/post"}],"author":[{"embeddable":true,"href":"https:\/\/www.salgotarjan.hu\/index.php?rest_route=\/wp\/v2\/users\/9"}],"replies":[{"embeddable":true,"href":"https:\/\/www.salgotarjan.hu\/index.php?rest_route=%2Fwp%2Fv2%2Fcomments&post=15950"}],"version-history":[{"count":1,"href":"https:\/\/www.salgotarjan.hu\/index.php?rest_route=\/wp\/v2\/posts\/15950\/revisions"}],"predecessor-version":[{"id":16718,"href":"https:\/\/www.salgotarjan.hu\/index.php?rest_route=\/wp\/v2\/posts\/15950\/revisions\/16718"}],"wp:featuredmedia":[{"embeddable":true,"href":"https:\/\/www.salgotarjan.hu\/index.php?rest_route=\/wp\/v2\/media\/13789"}],"wp:attachment":[{"href":"https:\/\/www.salgotarjan.hu\/index.php?rest_route=%2Fwp%2Fv2%2Fmedia&parent=15950"}],"wp:term":[{"taxonomy":"category","embeddable":true,"href":"https:\/\/www.salgotarjan.hu\/index.php?rest_route=%2Fwp%2Fv2%2Fcategories&post=15950"},{"taxonomy":"post_tag","embeddable":true,"href":"https:\/\/www.salgotarjan.hu\/index.php?rest_route=%2Fwp%2Fv2%2Ftags&post=15950"}],"curies":[{"name":"wp","href":"https:\/\/api.w.org\/{rel}","templated":true}]}}