{"id":15908,"date":"2025-03-31T14:52:42","date_gmt":"2025-03-31T12:52:42","guid":{"rendered":"https:\/\/www.salgotarjan.hu\/?p=15908"},"modified":"2025-04-10T09:52:02","modified_gmt":"2025-04-10T07:52:02","slug":"23-onkormanyzati-szervezesu-helyszinen-lehet-csatlakozni-a-teszedd-hez","status":"publish","type":"post","link":"https:\/\/www.salgotarjan.hu\/?p=15908","title":{"rendered":"23 \u00f6nkorm\u00e1nyzati szervez\u00e9s\u0171 helysz\u00ednen lehet csatlakozni a TeSzedd!-hez"},"content":{"rendered":"\n<p>A TeSzedd! &#8211; \u00d6nk\u00e9ntesen a tiszta Magyarorsz\u00e1g\u00e9rt akci\u00f3 haz\u00e1nk legnagyobb \u00f6nk\u00e9ntes hullad\u00e9kszed\u00e9si mozgalma, amely az idei \u00e9vben 13. alkalommal ker\u00fcl megrendez\u00e9sre az Energia\u00fcgyi Miniszt\u00e9rium t\u00e1mogat\u00e1s\u00e1val. Az akci\u00f3 szervez\u0151je \u00e9s koordin\u00e1tora az NHKV Nemzeti Hullad\u00e9kgazd\u00e1lkod\u00e1si Koordin\u00e1l\u00f3 \u00e9s Vagyonkezel\u0151 Zrt. Az eg\u00e9sz orsz\u00e1gra kiterjed\u0151 kamp\u00e1ny c\u00e9lja, hogy \u00f6nk\u00e9ntes megmozdul\u00e1s keret\u00e9ben k\u00f6z\u00f6sen var\u00e1zsoljuk tiszt\u00e1bb\u00e1 k\u00f6rnyezet\u00fcnket.<\/p>\n\n\n\n<p>Az al\u00e1bbi t\u00e9rk\u00e9pen a salg\u00f3tarj\u00e1ni k\u00f6zgy\u0171l\u00e9s \u00e9s a bizotts\u00e1gok azon tagjainak koordin\u00e1l\u00e1s\u00e1ban megval\u00f3sul\u00f3 akci\u00f3kat lajstromozzuk, akik visszajelezt\u00e9k r\u00e9szv\u00e9teli sz\u00e1nd\u00e9kukat \u00e9s koordin\u00e1ci\u00f3s tev\u00e9kenys\u00e9g\u00fcket.<\/p>\n\n\n\n<center><iframe loading=\"lazy\" src=\"https:\/\/www.google.com\/maps\/d\/embed?mid=1obRvegD0pQcmV8m4VG9Gr2MVqiH7QEA&#038;ehbc=2E312F\" width=\"860\" height=\"560\"><\/iframe><\/center>\n\n\n\n<p><strong>K\u00e1lv\u00e1ria &#8211; Alkotm\u00e1ny \u00fat (parkol\u00f3), 2025.04.07. (h\u00e9tf\u0151), 10 \u00f3ra<\/strong><br>Tal\u00e1lkoz\u00f3: a K\u00e1lv\u00e1ri\u00e1ra vezet\u0151 l\u00e9pcs\u0151 alj\u00e1n\u00e1l. Koordin\u00e1tor: Papp Marcell.<\/p>\n\n\n\n<p><strong>Zagyvar\u00f3na telep\u00fcl\u00e9sr\u00e9sz, 2025.04.07. (h\u00e9tf\u0151), 9 \u00f3ra<\/strong><br>Tal\u00e1lkoz\u00f3: Zagyva \u00fat 3. (B\u00e1tki k\u00f6z\u00f6ss\u00e9gi h\u00e1z) el\u0151tt. Koordin\u00e1tor: Turcs\u00e1ny L\u00e1szl\u00f3.<\/p>\n\n\n\n<p><strong>Zagyvap\u00e1lfalva, D\u00e9ryn\u00e9 \u00fat, 2025.04.08. (kedd), 9 \u00f3ra<\/strong><br>Tal\u00e1lkoz\u00f3: D\u00e9ryn\u00e9 \u00fat 25. el\u0151tt. Koordin\u00e1tor: Ol\u00e1h Imr\u00e9n\u00e9.<\/p>\n\n\n\n<p><strong>R\u00f3nafalu telep\u00fcl\u00e9sr\u00e9sz, 2025.04.08. (kedd), 9 \u00f3ra<\/strong><br>Tal\u00e1lkoz\u00f3: R\u00f3nai \u00fat 49. el\u0151tt. Koordin\u00e1tor: Turcs\u00e1ny L\u00e1szl\u00f3.<\/p>\n\n\n\n<p><strong>Zagyvar\u00f3na, M\u00e1ty\u00e1s kir\u00e1ly \u00fat \u00e9s \u0150rhegy \u00fat, 2025.04.08. (kedd), 9 \u00f3ra<\/strong><br>Tal\u00e1lkoz\u00f3: M\u00e1ty\u00e1s kir\u00e1ly \u00fat 1. el\u0151tt. Koordin\u00e1tor: Turcs\u00e1ny L\u00e1szl\u00f3.<\/p>\n\n\n\n<p><strong>Ac\u00e9lgy\u00e1ri \u00fati orvosi rendel\u0151 k\u00f6rny\u00e9ke, 2025.04.08. (kedd), 10:30 \u00f3ra<br><\/strong>Tal\u00e1lkoz\u00f3: Ac\u00e9lgy\u00e1ri \u00fati orvosi rendel\u0151 el\u0151tt. Koordin\u00e1tor: Papp Marcell.<\/p>\n\n\n\n<p><strong>Zagyvap\u00e1lfalva, B\u00e1nyag\u00e9pgy\u00e1r f\u00f6l\u00f6tti gar\u00e1zsok, 2025.04.09. (szerda), 9 \u00f3ra<br><\/strong>Tal\u00e1lkoz\u00f3: Z\u00f6ldfa \u00fat 2. sz\u00e1m el\u0151tt. Koordin\u00e1tor: Ol\u00e1h Imr\u00e9n\u00e9.<\/p>\n\n\n\n<p><strong>J\u00f3n\u00e1sch-telep (egykori Ac\u00e9l\u00e1rugy\u00e1r m\u00f6g\u00f6tti ter\u00fclet), 2025.04.09. (szerda), 9 \u00f3ra<br><\/strong>Tal\u00e1lkoz\u00f3: J\u00f3n\u00e1sch k\u00f6r\u00fat 1-3. sz\u00e1m el\u0151tt. Koordin\u00e1tor: Turcs\u00e1ny L\u00e1szl\u00f3.<\/p>\n\n\n\n<p><strong>Ideg\u00e9ri telep\u00fcl\u00e9sr\u00e9sz, 2025.04.09. (szerda), 9 \u00f3ra<br><\/strong>Tal\u00e1lkoz\u00f3: Bereczki M\u00e1t\u00e9 \u00fat 35. sz\u00e1m el\u0151tt. Koordin\u00e1tor: Korponai Tam\u00e1s.<\/p>\n\n\n\n<p><strong>M\u0171v\u00e9sztelep k\u00f6rny\u00e9ke, 2025.04.10. (cs\u00fct\u00f6rt\u00f6k), 9 \u00f3ra<br><\/strong>Tal\u00e1lkoz\u00f3: B\u00e1tki J\u00f3zsef \u00fat 1. sz\u00e1m el\u0151tt. Koordin\u00e1tor: Turcs\u00e1ny L\u00e1szl\u00f3.<\/p>\n\n\n\n<p><strong>Zagyvap\u00e1lfalva telep\u00fcl\u00e9sr\u00e9sz, 2025.04.10. (cs\u00fct\u00f6rt\u00f6k), 14 \u00f3ra<br><\/strong>Tal\u00e1lkoz\u00f3: Bar\u00e1ts\u00e1g \u00fat 2. (P\u00e1lfalvai K\u00f6z\u00f6ss\u00e9gi T\u00e9r) el\u0151tt. Koordin\u00e1tor: Tolnai S\u00e1ndor.<\/p>\n\n\n\n<p><strong>Zagyvap\u00e1lfalvai telep\u00fcl\u00e9sr\u00e9sz, 2025.04.10. (cs\u00fct\u00f6rt\u00f6k), 14 \u00f3ra<br><\/strong>Tal\u00e1lkoz\u00f3: Egressy \u00fat 8. (&#8222;Lapos&#8221; K\u00f6z\u00f6ss\u00e9gi T\u00e9r) el\u0151tt. Koordin\u00e1tor: Tolnai S\u00e1ndor.<\/p>\n\n\n\n<p><strong>Baglyasalja, buszfordul\u00f3 ut\u00e1n, 2025.04.10. (cs\u00fct\u00f6rt\u00f6k), 9 \u00f3ra<\/strong><br>Tal\u00e1lkoz\u00f3: Katalin utca 11. sz\u00e1m el\u0151tt. Koordin\u00e1tor: Korponai Tam\u00e1s.<\/p>\n\n\n\n<p><strong>Beszterce-lak\u00f3telep (egykori indi\u00e1nfalu), 2025.04.11. (p\u00e9ntek), 14 \u00f3ra<\/strong><br>Tal\u00e1lkoz\u00f3: Medves k\u00f6r\u00fat 70. sz\u00e1m el\u0151tt. Koordin\u00e1tor: Szanyi Szabolcs.<\/p>\n\n\n\n<p><strong>Szerpentin \u00fati gar\u00e1zssor k\u00f6rny\u00e9ke, 2025.04.11. (p\u00e9ntek), 9:30 \u00f3ra<br><\/strong>Tal\u00e1lkoz\u00f3: Szerpentin \u00fat 46. sz\u00e1m el\u0151tt. Koordin\u00e1tor: Dank\u00f3n\u00e9 Luk\u00e1cs Judit.<\/p>\n\n\n\n<p><strong>Baglyasalja, Jakubi \u00fat k\u00f6rny\u00e9ke, 2025.04.11. (p\u00e9ntek), 13 \u00f3ra<br><\/strong>Tal\u00e1lkoz\u00f3: Jakubi \u00fat 3. sz\u00e1m el\u0151tt. Koordin\u00e1tor: Korponai Tam\u00e1s.<\/p>\n\n\n\n<p><strong>Salg\u00f3b\u00e1nya telep\u00fcl\u00e9sr\u00e9sz, 2025.04.11.(p\u00e9ntek), 9 \u00f3ra<br><\/strong>Tal\u00e1lkoz\u00f3: V\u00e1r \u00fat 9. sz\u00e1m el\u0151tt. Koordin\u00e1tor: Turcs\u00e1ny L\u00e1szl\u00f3.<\/p>\n\n\n\n<p><strong>Kercseg \u00fati gar\u00e1zssor k\u00f6rnyezete, 2025.04.12. (szombat), 9 \u00f3ra<br><\/strong>Tal\u00e1lkoz\u00f3: Kercseg \u00fat 8. sz\u00e1m el\u0151tt. Koordin\u00e1tor: Kisbali G\u00e1bor.<\/p>\n\n\n\n<p><strong>P\u00e9csk\u0151 \u00fat (j\u00e1tsz\u00f3t\u00e9r) k\u00f6rny\u00e9ke, 2025.04.12. (szombat), 9 \u00f3ra<br><\/strong>Tal\u00e1lkoz\u00f3: P\u00e9csk\u0151 \u00fat 3. sz\u00e1m el\u0151tt. Koordin\u00e1tor: K\u00e1ntor Zolt\u00e1n.<\/p>\n\n\n\n<p><strong>Somly\u00f3b\u00e1nyai \u00e9s kaz\u00e1ri \u00fat k\u00f6rnyezete, 2025.04.12. (szombat), 9 \u00f3ra<br><\/strong>Tal\u00e1lkoz\u00f3: Forg\u00e1ch-telepi buszfordul\u00f3. Koordin\u00e1tor: Szab\u00f3 Csaba.<\/p>\n\n\n\n<p><strong>Baglyasalja, Erkel k\u00f6z k\u00f6rny\u00e9ke, 2025.04.12. (szombat), 9 \u00f3ra<br><\/strong>Tal\u00e1lkoz\u00f3: Erkel k\u00f6z 2. sz\u00e1m el\u0151tt. Koordin\u00e1tor: Korponai Tam\u00e1s.<\/p>\n\n\n\n<p><strong>Z\u00f6ldfa \u00fati t\u00e1rsash\u00e1zak k\u00f6rnyezete, 2025.04.12. (szombat), 9 \u00f3ra<br><\/strong>Tal\u00e1lkoz\u00f3: Z\u00f6ldfa \u00fat 1. sz\u00e1m el\u0151tt. Koordin\u00e1tor: Klajban J\u00e1nos.<\/p>\n\n\n\n<p><strong>Eperjes-telep, 2025. 04. 12. (szombat), 10 \u00f3ra<br><\/strong>Tal\u00e1lkoz\u00f3: Fazekas Mih\u00e1ly \u00fat. Koordin\u00e1torok: Korponai Tam\u00e1s \u00e9s az Eperjes-telepi Bar\u00e1ti K\u00f6r.<\/p>\n","protected":false},"excerpt":{"rendered":"<p>A TeSzedd! &#8211; \u00d6nk\u00e9ntesen a tiszta Magyarorsz\u00e1g\u00e9rt akci\u00f3 haz\u00e1nk legnagyobb \u00f6nk\u00e9ntes hullad\u00e9kszed\u00e9si mozgalma, amely az idei \u00e9vben 13. alkalommal ker\u00fcl megrendez\u00e9sre az Energia\u00fcgyi Miniszt\u00e9rium t\u00e1mogat\u00e1s\u00e1val.<\/p>\n","protected":false},"author":9,"featured_media":15912,"comment_status":"closed","ping_status":"closed","sticky":false,"template":"","format":"standard","meta":{"footnotes":""},"categories":[10],"tags":[],"class_list":["post-15908","post","type-post","status-publish","format-standard","has-post-thumbnail","hentry","category-hirek-aktualitasok"],"_links":{"self":[{"href":"https:\/\/www.salgotarjan.hu\/index.php?rest_route=\/wp\/v2\/posts\/15908","targetHints":{"allow":["GET"]}}],"collection":[{"href":"https:\/\/www.salgotarjan.hu\/index.php?rest_route=\/wp\/v2\/posts"}],"about":[{"href":"https:\/\/www.salgotarjan.hu\/index.php?rest_route=\/wp\/v2\/types\/post"}],"author":[{"embeddable":true,"href":"https:\/\/www.salgotarjan.hu\/index.php?rest_route=\/wp\/v2\/users\/9"}],"replies":[{"embeddable":true,"href":"https:\/\/www.salgotarjan.hu\/index.php?rest_route=%2Fwp%2Fv2%2Fcomments&post=15908"}],"version-history":[{"count":1,"href":"https:\/\/www.salgotarjan.hu\/index.php?rest_route=\/wp\/v2\/posts\/15908\/revisions"}],"predecessor-version":[{"id":15917,"href":"https:\/\/www.salgotarjan.hu\/index.php?rest_route=\/wp\/v2\/posts\/15908\/revisions\/15917"}],"wp:featuredmedia":[{"embeddable":true,"href":"https:\/\/www.salgotarjan.hu\/index.php?rest_route=\/wp\/v2\/media\/15912"}],"wp:attachment":[{"href":"https:\/\/www.salgotarjan.hu\/index.php?rest_route=%2Fwp%2Fv2%2Fmedia&parent=15908"}],"wp:term":[{"taxonomy":"category","embeddable":true,"href":"https:\/\/www.salgotarjan.hu\/index.php?rest_route=%2Fwp%2Fv2%2Fcategories&post=15908"},{"taxonomy":"post_tag","embeddable":true,"href":"https:\/\/www.salgotarjan.hu\/index.php?rest_route=%2Fwp%2Fv2%2Ftags&post=15908"}],"curies":[{"name":"wp","href":"https:\/\/api.w.org\/{rel}","templated":true}]}}