{"id":15815,"date":"2025-03-10T15:54:32","date_gmt":"2025-03-10T14:54:32","guid":{"rendered":"https:\/\/www.salgotarjan.hu\/?p=15815"},"modified":"2025-03-11T14:07:21","modified_gmt":"2025-03-11T13:07:21","slug":"tarsadalmi-egyeztetes-26","status":"publish","type":"post","link":"https:\/\/www.salgotarjan.hu\/?p=15815","title":{"rendered":"T\u00e1rsadalmi egyeztet\u00e9s"},"content":{"rendered":"\n<p>Salg\u00f3tarj\u00e1n Megyei Jog\u00fa V\u00e1ros \u00d6nkorm\u00e1nyzata a mell\u00e9kelt rendelet-tervezetet bocs\u00e1tja sz\u00e9les k\u00f6r\u0171 t\u00e1rsadalmi egyeztet\u00e9sre. K\u00e9rj\u00fck, hogy kiz\u00e1r\u00f3lag a mell\u00e9kletben felt\u00fcntetett el\u00e9rhet\u0151s\u00e9geken \u00e9s a megadott befejez\u00e9si d\u00e1tumig k\u00fcldj\u00e9k el v\u00e9lem\u00e9ny\u00fcket, javaslataikat! A telep\u00fcl\u00e9sk\u00e9pi rendelet m\u00f3dos\u00edt\u00e1sa kapcs\u00e1n partners\u00e9gi egyeztet\u00e9s keret\u00e9ben lakoss\u00e1gi f\u00f3rumot tartunk, melyen t\u00e1j\u00e9koztat\u00e1st kapnak az \u00e9rdekl\u0151d\u0151k a tervezett m\u00f3dos\u00edt\u00e1sok r\u00e9szleteir\u0151l.<\/p>\n\n\n\n<p>A lakoss\u00e1gi f\u00f3rum id\u0151pontja \u00e9s helysz\u00edne:<\/p>\n\n\n\n<p class=\"has-text-align-center\"><strong>2025. \u00e1prilis 3. 16.00 \u00f3ra<\/strong><br><strong>V\u00e1rosh\u00e1za, F\u00f6rster K\u00e1lm\u00e1n terem<\/strong><br><strong>Salg\u00f3tarj\u00e1n, M\u00fazeum t\u00e9r 1.<\/strong><\/p>\n\n\n\n<p class=\"has-text-align-center\"><strong>T\u00e1j\u00e9koztatom a Tisztelt \u00e9rdekl\u0151d\u0151ket, hogy a tervezettel kapcsolatban<br>2025. \u00e1prilis 7-ig<br>az al\u00e1bbiak szerint adhatj\u00e1k meg v\u00e9lem\u00e9ny\u00fcket:<\/strong><\/p>\n\n\n\n<ul class=\"wp-block-list\">\n<li>Elektronikus lev\u00e9lben a <a href=\"mailto:jegyzo@salgotarjan.hu\" target=\"_blank\" rel=\"noreferrer noopener\">jegyzo@salgotarjan.hu<\/a> vagy a <a href=\"mailto:foepitesz@salgotarjan.hu\" target=\"_blank\" rel=\"noreferrer noopener\">foepitesz@salgotarjan.hu<\/a> c\u00edmre val\u00f3 megk\u00fcld\u00e9ssel<\/li>\n\n\n\n<li>hivatali kapun kereszt\u00fcl Salg\u00f3tarj\u00e1n Megyei Jog\u00fa V\u00e1ros Polg\u00e1rmesteri Hivatala c\u00edm\u00e9re<\/li>\n\n\n\n<li>postai k\u00fcldem\u00e9nyben Salg\u00f3tarj\u00e1n Megyei Jog\u00fa V\u00e1ros Polg\u00e1rmesteri Hivatala (3100 Salg\u00f3tarj\u00e1n, M\u00fazeum t\u00e9r 1.) c\u00edmre<\/li>\n\n\n\n<li>szem\u00e9lyesen a polg\u00e1rmesteri hivatalban leadva<\/li>\n\n\n\n<li>a lakoss\u00e1gi f\u00f3rumon sz\u00f3ban, melyr\u0151l hangfelv\u00e9tel \u00e9s jegyz\u0151k\u00f6nyv k\u00e9sz\u00fcl<\/li>\n<\/ul>\n\n\n\n<p>Kapcsol\u00f3d\u00f3 dokumentumok:<br><a href=\"https:\/\/www.salgotarjan.hu\/wp-content\/uploads\/33-2017_TKR_mod_rendelet_tervezet_250310.pdf\" data-type=\"link\" data-id=\"https:\/\/www.salgotarjan.hu\/wp-content\/uploads\/33-2017_TKR_mod_rendelet_tervezet_250310.pdf\" target=\"_blank\" rel=\"noreferrer noopener\">Rendelet-tervezet<\/a> (pdf)<\/p>\n\n\n\n<p>Vass Attila<br>f\u0151\u00e9p\u00edt\u00e9sz<\/p>\n","protected":false},"excerpt":{"rendered":"<p>Salg\u00f3tarj\u00e1n Megyei Jog\u00fa V\u00e1ros \u00d6nkorm\u00e1nyzata a mell\u00e9kelt rendelet-tervezetet bocs\u00e1tja sz\u00e9les k\u00f6r\u0171 t\u00e1rsadalmi egyeztet\u00e9sre. K\u00e9rj\u00fck, hogy kiz\u00e1r\u00f3lag a mell\u00e9kletben felt\u00fcntetett el\u00e9rhet\u0151s\u00e9geken \u00e9s a megadott befejez\u00e9si d\u00e1tumig k\u00fcldj\u00e9k el v\u00e9lem\u00e9ny\u00fcket, javaslataikat! A telep\u00fcl\u00e9sk\u00e9pi rendelet m\u00f3dos\u00edt\u00e1sa kapcs\u00e1n partners\u00e9gi egyeztet\u00e9s keret\u00e9ben lakoss\u00e1gi f\u00f3rumot tartunk, melyen t\u00e1j\u00e9koztat\u00e1st kapnak az \u00e9rdekl\u0151d\u0151k a tervezett m\u00f3dos\u00edt\u00e1sok r\u00e9szleteir\u0151l.<\/p>\n","protected":false},"author":7,"featured_media":0,"comment_status":"closed","ping_status":"closed","sticky":false,"template":"","format":"standard","meta":{"footnotes":""},"categories":[10],"tags":[],"class_list":["post-15815","post","type-post","status-publish","format-standard","hentry","category-hirek-aktualitasok"],"_links":{"self":[{"href":"https:\/\/www.salgotarjan.hu\/index.php?rest_route=\/wp\/v2\/posts\/15815","targetHints":{"allow":["GET"]}}],"collection":[{"href":"https:\/\/www.salgotarjan.hu\/index.php?rest_route=\/wp\/v2\/posts"}],"about":[{"href":"https:\/\/www.salgotarjan.hu\/index.php?rest_route=\/wp\/v2\/types\/post"}],"author":[{"embeddable":true,"href":"https:\/\/www.salgotarjan.hu\/index.php?rest_route=\/wp\/v2\/users\/7"}],"replies":[{"embeddable":true,"href":"https:\/\/www.salgotarjan.hu\/index.php?rest_route=%2Fwp%2Fv2%2Fcomments&post=15815"}],"version-history":[{"count":1,"href":"https:\/\/www.salgotarjan.hu\/index.php?rest_route=\/wp\/v2\/posts\/15815\/revisions"}],"predecessor-version":[{"id":15837,"href":"https:\/\/www.salgotarjan.hu\/index.php?rest_route=\/wp\/v2\/posts\/15815\/revisions\/15837"}],"wp:attachment":[{"href":"https:\/\/www.salgotarjan.hu\/index.php?rest_route=%2Fwp%2Fv2%2Fmedia&parent=15815"}],"wp:term":[{"taxonomy":"category","embeddable":true,"href":"https:\/\/www.salgotarjan.hu\/index.php?rest_route=%2Fwp%2Fv2%2Fcategories&post=15815"},{"taxonomy":"post_tag","embeddable":true,"href":"https:\/\/www.salgotarjan.hu\/index.php?rest_route=%2Fwp%2Fv2%2Ftags&post=15815"}],"curies":[{"name":"wp","href":"https:\/\/api.w.org\/{rel}","templated":true}]}}