{"id":15766,"date":"2025-02-25T15:00:17","date_gmt":"2025-02-25T14:00:17","guid":{"rendered":"https:\/\/www.salgotarjan.hu\/?p=15766"},"modified":"2025-02-25T15:01:03","modified_gmt":"2025-02-25T14:01:03","slug":"ket-helyszinen-is-munkalatokat-vegez-a-salgo-vagyon-kft","status":"publish","type":"post","link":"https:\/\/www.salgotarjan.hu\/?p=15766","title":{"rendered":"K\u00e9t helysz\u00ednen is munk\u00e1latokat v\u00e9gez a Salg\u00f3 Vagyon Kft."},"content":{"rendered":"\n<p>Meghib\u00e1sod\u00e1sok jav\u00edt\u00e1sa miatt v\u00e1rhat\u00f3 szolg\u00e1ltat\u00e1skies\u00e9s a t\u00e1vf\u0171t\u00e9sben \u00e9s a haszn\u00e1nati melegv\u00edz szolg\u00e1ltat\u00e1sban a v\u00e1ros egy-egy pontj\u00e1n.<\/p>\n\n\n\n<p>A Salg\u00f3 Vagyon Kft. szakemberei 2025. febru\u00e1r 26-\u00e1n (szerd\u00e1n) a Salg\u00f3tarj\u00e1ni Mad\u00e1ch Imre Gimn\u00e1zium bek\u00f6t\u0151vezet\u00e9k\u00e9nek r\u00e9szleges cser\u00e9j\u00e9t fogj\u00e1k elv\u00e9gezni. A meghib\u00e1sod\u00e1s miatt sz\u00fcks\u00e9ges munk\u00e1latok a tervek szerint 6:30-kor kezd\u0151dnek \u00e9s v\u00e1rhat\u00f3an 16 \u00f3r\u00e1ig tartanak majd, a munk\u00e1latok gimn\u00e1zium udvar\u00e1n t\u00f6rt\u00e9nnek, \u00edgy k\u00f6zter\u00fcleti korl\u00e1toz\u00e1s nem k\u00eds\u00e9ri a kivitelez\u00e9st. A munkav\u00e9gz\u00e9s ideje alatt egyed\u00fcl a Mad\u00e1ch Imre Gimn\u00e1ziumban sz\u00fcnetel majd a f\u0171t\u00e9s \u00e9s a haszn\u00e1lati melegv\u00edz szolg\u00e1ltat\u00e1s, err\u0151l a sz\u00fcks\u00e9ges el\u0151zetes egyeztet\u00e9seket lefolytatta a Salg\u00f3 Vagyon Kft. az int\u00e9zm\u00e9ny vezet\u00e9s\u00e9vel.<\/p>\n\n\n\n<p>2025. febru\u00e1r 27-\u00e9n (cs\u00fct\u00f6rt\u00f6k\u00f6n) az Ybl Mikl\u00f3s \u00fat 102. sz\u00e1m\u00fa \u00e9p\u00fclet meghib\u00e1sodott haszn\u00e1lati melegv\u00edz h\u0151cser\u00e9l\u0151j\u00e9t fogj\u00e1k kicser\u00e9lni a Salg\u00f3 Vagyon Kft. szakemberei. A munk\u00e1latokat a tervek szerint 8 \u00e9s 16 \u00f3ra k\u00f6z\u00f6tt tervezik elv\u00e9gezni, a kivitelez\u00e9s ideje alatt az \u00e9rintett \u00e9p\u00fcletben haszn\u00e1lati melegv\u00edz szolg\u00e1ltat\u00e1s nem lesz. A munkav\u00e9gz\u00e9s a f\u0171t\u00e9st nem \u00e9rinti, az zavartalanul biztos\u00edtott lesz. A sz\u00fcks\u00e9ges munk\u00e1latokat a h\u0151k\u00f6zpontban v\u00e9gzik el, \u00edgy k\u00f6zter\u00fcleti korl\u00e1toz\u00e1s nem k\u00eds\u00e9ri a kivitelez\u00e9st<\/p>\n\n\n\n<p>Ha a munk\u00e1kkal a tervezettn\u00e9l el\u0151bb v\u00e9geznek a Salg\u00f3 Vagyon Kft. szakemberei, a szolg\u00e1ltat\u00e1st halad\u00e9ktalanul vissza\u00e1ll\u00edtj\u00e1k.<\/p>\n","protected":false},"excerpt":{"rendered":"<p>Meghib\u00e1sod\u00e1sok jav\u00edt\u00e1sa miatt v\u00e1rhat\u00f3 szolg\u00e1ltat\u00e1skies\u00e9s a t\u00e1vf\u0171t\u00e9sben \u00e9s a haszn\u00e1nati melegv\u00edz szolg\u00e1ltat\u00e1sban a v\u00e1ros egy-egy pontj\u00e1n.<\/p>\n","protected":false},"author":9,"featured_media":0,"comment_status":"closed","ping_status":"closed","sticky":false,"template":"","format":"standard","meta":{"footnotes":""},"categories":[10],"tags":[],"class_list":["post-15766","post","type-post","status-publish","format-standard","hentry","category-hirek-aktualitasok"],"_links":{"self":[{"href":"https:\/\/www.salgotarjan.hu\/index.php?rest_route=\/wp\/v2\/posts\/15766","targetHints":{"allow":["GET"]}}],"collection":[{"href":"https:\/\/www.salgotarjan.hu\/index.php?rest_route=\/wp\/v2\/posts"}],"about":[{"href":"https:\/\/www.salgotarjan.hu\/index.php?rest_route=\/wp\/v2\/types\/post"}],"author":[{"embeddable":true,"href":"https:\/\/www.salgotarjan.hu\/index.php?rest_route=\/wp\/v2\/users\/9"}],"replies":[{"embeddable":true,"href":"https:\/\/www.salgotarjan.hu\/index.php?rest_route=%2Fwp%2Fv2%2Fcomments&post=15766"}],"version-history":[{"count":1,"href":"https:\/\/www.salgotarjan.hu\/index.php?rest_route=\/wp\/v2\/posts\/15766\/revisions"}],"predecessor-version":[{"id":15768,"href":"https:\/\/www.salgotarjan.hu\/index.php?rest_route=\/wp\/v2\/posts\/15766\/revisions\/15768"}],"wp:attachment":[{"href":"https:\/\/www.salgotarjan.hu\/index.php?rest_route=%2Fwp%2Fv2%2Fmedia&parent=15766"}],"wp:term":[{"taxonomy":"category","embeddable":true,"href":"https:\/\/www.salgotarjan.hu\/index.php?rest_route=%2Fwp%2Fv2%2Fcategories&post=15766"},{"taxonomy":"post_tag","embeddable":true,"href":"https:\/\/www.salgotarjan.hu\/index.php?rest_route=%2Fwp%2Fv2%2Ftags&post=15766"}],"curies":[{"name":"wp","href":"https:\/\/api.w.org\/{rel}","templated":true}]}}