{"id":15680,"date":"2025-01-27T12:43:41","date_gmt":"2025-01-27T11:43:41","guid":{"rendered":"https:\/\/www.salgotarjan.hu\/?p=15680"},"modified":"2025-02-11T12:55:01","modified_gmt":"2025-02-11T11:55:01","slug":"megujul-a-belvaros-konzultacio","status":"publish","type":"post","link":"https:\/\/www.salgotarjan.hu\/?p=15680","title":{"rendered":"&#8222;Meg\u00fajul a belv\u00e1ros&#8221; &#8211; Konzult\u00e1ci\u00f3"},"content":{"rendered":"\n<p>Tisztelt V\u00e1roslak\u00f3k!<\/p>\n\n\n\n<p>A Ter\u00fclet- \u00e9s Telep\u00fcl\u00e9sfejleszt\u00e9si Operat\u00edv Program Plusz keret\u00e9ben elindult v\u00e1rosunkban egy \u00fajabb, az Eur\u00f3pai Uni\u00f3 \u00e9s Magyarorsz\u00e1g k\u00f6lts\u00e9gvet\u00e9se t\u00e1rsfinansz\u00edroz\u00e1s\u00e1ban megval\u00f3sul\u00f3 v\u00e1rosrehabilit\u00e1ci\u00f3s projekt tervez\u00e9se.<\/p>\n\n\n\n<p>Az ehhez kapcsol\u00f3d\u00f3 k\u00e9rd\u0151\u00edvvel a belv\u00e1ros z\u00f6ldfel\u00fcleteinek b\u0151v\u00edt\u00e9s\u00e9vel \u00e9s k\u00f6zter\u00fcleti rekonstrukci\u00f3j\u00e1nak megval\u00f3s\u00edt\u00e1s\u00e1val kapcsolatos v\u00e9lem\u00e9ny\u00fck kifejt\u00e9s\u00e9re k\u00e9rj\u00fck \u00d6n\u00f6ket. A k\u00e9rd\u0151\u00edv kit\u00f6lt\u00e9s\u00e9re 2025. febru\u00e1r 5-ig van lehet\u0151s\u00e9g\u00fck. <a href=\"https:\/\/formfacade.com\/public\/103080062572279872447\/home\/form\/1FAIpQLSeNPQCTyjxtNoOdZ83ReIl-d4DlEAbRSMuA9P8fi4yzRUg8Sg\" target=\"_blank\" rel=\"noreferrer noopener\">A k\u00e9rd\u00e9ssor ide kattintva t\u00f6lthet\u0151 ki.<\/a><\/p>\n\n\n\n<p>K\u00f6zrem\u0171k\u00f6d\u00e9s\u00fcket el\u0151re is k\u00f6sz\u00f6nj\u00fck!<\/p>\n","protected":false},"excerpt":{"rendered":"<p>A Ter\u00fclet- \u00e9s Telep\u00fcl\u00e9sfejleszt\u00e9si Operat\u00edv Program Plusz keret\u00e9ben elindult v\u00e1rosunkban egy \u00fajabb, az Eur\u00f3pai Uni\u00f3 \u00e9s Magyarorsz\u00e1g k\u00f6lts\u00e9gvet\u00e9se t\u00e1rsfinansz\u00edroz\u00e1s\u00e1ban megval\u00f3sul\u00f3 v\u00e1rosrehabilit\u00e1ci\u00f3s projekt tervez\u00e9se. V\u00e1rjuk v\u00e9lem\u00e9ny\u00e9t a belv\u00e1ros meg\u00faj\u00edt\u00e1s\u00e1r\u00f3l!<\/p>\n","protected":false},"author":9,"featured_media":15698,"comment_status":"closed","ping_status":"closed","sticky":false,"template":"","format":"standard","meta":{"footnotes":""},"categories":[10],"tags":[],"class_list":["post-15680","post","type-post","status-publish","format-standard","has-post-thumbnail","hentry","category-hirek-aktualitasok"],"_links":{"self":[{"href":"https:\/\/www.salgotarjan.hu\/index.php?rest_route=\/wp\/v2\/posts\/15680","targetHints":{"allow":["GET"]}}],"collection":[{"href":"https:\/\/www.salgotarjan.hu\/index.php?rest_route=\/wp\/v2\/posts"}],"about":[{"href":"https:\/\/www.salgotarjan.hu\/index.php?rest_route=\/wp\/v2\/types\/post"}],"author":[{"embeddable":true,"href":"https:\/\/www.salgotarjan.hu\/index.php?rest_route=\/wp\/v2\/users\/9"}],"replies":[{"embeddable":true,"href":"https:\/\/www.salgotarjan.hu\/index.php?rest_route=%2Fwp%2Fv2%2Fcomments&post=15680"}],"version-history":[{"count":1,"href":"https:\/\/www.salgotarjan.hu\/index.php?rest_route=\/wp\/v2\/posts\/15680\/revisions"}],"predecessor-version":[{"id":15704,"href":"https:\/\/www.salgotarjan.hu\/index.php?rest_route=\/wp\/v2\/posts\/15680\/revisions\/15704"}],"wp:featuredmedia":[{"embeddable":true,"href":"https:\/\/www.salgotarjan.hu\/index.php?rest_route=\/wp\/v2\/media\/15698"}],"wp:attachment":[{"href":"https:\/\/www.salgotarjan.hu\/index.php?rest_route=%2Fwp%2Fv2%2Fmedia&parent=15680"}],"wp:term":[{"taxonomy":"category","embeddable":true,"href":"https:\/\/www.salgotarjan.hu\/index.php?rest_route=%2Fwp%2Fv2%2Fcategories&post=15680"},{"taxonomy":"post_tag","embeddable":true,"href":"https:\/\/www.salgotarjan.hu\/index.php?rest_route=%2Fwp%2Fv2%2Ftags&post=15680"}],"curies":[{"name":"wp","href":"https:\/\/api.w.org\/{rel}","templated":true}]}}