{"id":15382,"date":"2024-10-11T11:33:00","date_gmt":"2024-10-11T09:33:00","guid":{"rendered":"https:\/\/www.salgotarjan.hu\/?p=15382"},"modified":"2024-12-04T16:49:37","modified_gmt":"2024-12-04T15:49:37","slug":"11-03-holokauszt-emlekev-zaroprogram","status":"publish","type":"post","link":"https:\/\/www.salgotarjan.hu\/?p=15382","title":{"rendered":"11.03. Holokauszt eml\u00e9k\u00e9v z\u00e1r\u00f3program"},"content":{"rendered":"<div class=\"wp-block-image\">\n<figure class=\"aligncenter size-full\"><a href=\"https:\/\/www.salgotarjan.hu\/wp-content\/uploads\/20241011_emlekev.jpg\"><img loading=\"lazy\" decoding=\"async\" width=\"576\" height=\"1024\" src=\"https:\/\/www.salgotarjan.hu\/wp-content\/uploads\/20241011_emlekev.jpg\" alt=\"\" class=\"wp-image-15383\" srcset=\"https:\/\/www.salgotarjan.hu\/wp-content\/uploads\/20241011_emlekev.jpg 576w, https:\/\/www.salgotarjan.hu\/wp-content\/uploads\/20241011_emlekev-169x300.jpg 169w\" sizes=\"auto, (max-width: 576px) 100vw, 576px\" \/><\/a><\/figure>\n<\/div>\n\n\n<p class=\"has-text-align-center\">A regisztr\u00e1ci\u00f3s jegyek nemsok\u00e1ra el\u00e9rhet\u0151ek lesznek a sz\u00ednh\u00e1z jegyp\u00e9nzt\u00e1r\u00e1ban is.<\/p>\n","protected":false},"excerpt":{"rendered":"<p>A regisztr\u00e1ci\u00f3s jegyek nemsok\u00e1ra el\u00e9rhet\u0151ek lesznek a sz\u00ednh\u00e1z jegyp\u00e9nzt\u00e1r\u00e1ban is.<\/p>\n","protected":false},"author":7,"featured_media":15383,"comment_status":"closed","ping_status":"closed","sticky":false,"template":"","format":"standard","meta":{"footnotes":""},"categories":[1],"tags":[],"class_list":["post-15382","post","type-post","status-publish","format-standard","has-post-thumbnail","hentry","category-egyebek"],"_links":{"self":[{"href":"https:\/\/www.salgotarjan.hu\/index.php?rest_route=\/wp\/v2\/posts\/15382","targetHints":{"allow":["GET"]}}],"collection":[{"href":"https:\/\/www.salgotarjan.hu\/index.php?rest_route=\/wp\/v2\/posts"}],"about":[{"href":"https:\/\/www.salgotarjan.hu\/index.php?rest_route=\/wp\/v2\/types\/post"}],"author":[{"embeddable":true,"href":"https:\/\/www.salgotarjan.hu\/index.php?rest_route=\/wp\/v2\/users\/7"}],"replies":[{"embeddable":true,"href":"https:\/\/www.salgotarjan.hu\/index.php?rest_route=%2Fwp%2Fv2%2Fcomments&post=15382"}],"version-history":[{"count":1,"href":"https:\/\/www.salgotarjan.hu\/index.php?rest_route=\/wp\/v2\/posts\/15382\/revisions"}],"predecessor-version":[{"id":15385,"href":"https:\/\/www.salgotarjan.hu\/index.php?rest_route=\/wp\/v2\/posts\/15382\/revisions\/15385"}],"wp:featuredmedia":[{"embeddable":true,"href":"https:\/\/www.salgotarjan.hu\/index.php?rest_route=\/wp\/v2\/media\/15383"}],"wp:attachment":[{"href":"https:\/\/www.salgotarjan.hu\/index.php?rest_route=%2Fwp%2Fv2%2Fmedia&parent=15382"}],"wp:term":[{"taxonomy":"category","embeddable":true,"href":"https:\/\/www.salgotarjan.hu\/index.php?rest_route=%2Fwp%2Fv2%2Fcategories&post=15382"},{"taxonomy":"post_tag","embeddable":true,"href":"https:\/\/www.salgotarjan.hu\/index.php?rest_route=%2Fwp%2Fv2%2Ftags&post=15382"}],"curies":[{"name":"wp","href":"https:\/\/api.w.org\/{rel}","templated":true}]}}