{"id":15362,"date":"2024-10-07T19:32:08","date_gmt":"2024-10-07T17:32:08","guid":{"rendered":"https:\/\/www.salgotarjan.hu\/?p=15362"},"modified":"2024-10-07T19:33:58","modified_gmt":"2024-10-07T17:33:58","slug":"katasztrofavedelmi-szirenaproba-2","status":"publish","type":"post","link":"https:\/\/www.salgotarjan.hu\/?p=15362","title":{"rendered":"Katasztr\u00f3fav\u00e9delmi szir\u00e9napr\u00f3ba"},"content":{"rendered":"\n<div class=\"wp-block-columns has-base-background-color has-background is-layout-flex wp-container-core-columns-is-layout-9d6595d7 wp-block-columns-is-layout-flex\">\n<div class=\"wp-block-column is-layout-flow wp-block-column-is-layout-flow\">\n<p class=\"has-text-align-center\"><strong>G\u00c9PI FELOLVAS\u00c1S<\/strong><\/p>\n\n\n\n<figure class=\"wp-block-audio\"><audio controls src=\"https:\/\/salgotarjan.hu\/apps\/audiopost\/20241007_szirenaproba.mp3\"><\/audio><\/figure>\n<\/div>\n<\/div>\n\n\n\n<p>A N\u00f3gr\u00e1d V\u00e1rmegyei Katasztr\u00f3fav\u00e9delmi Igazgat\u00f3s\u00e1g t\u00e1j\u00e9koztat\u00e1sa szerint Salg\u00f3tarj\u00e1nban 2024. okt\u00f3ber 9-\u00e9n ellen\u0151rzik a lakoss\u00e1gi riaszt\u00f3 rendszer riaszt\u00f3, valamint riaszt\u00f3-t\u00e1j\u00e9koztat\u00f3 v\u00e9gpontjait, a riaszt\u00f3 eszk\u00f6z\u00f6k megl\u00e9t\u00e9t, \u00e1llapot\u00e1t, karbantartotts\u00e1g\u00e1t \u00e9s m\u0171k\u00f6d\u0151k\u00e9pess\u00e9g\u00e9t.<br><br>A lakoss\u00e1gi riaszt\u00f3 \u00e9s t\u00e1j\u00e9koztat\u00f3 rendszer hangos pr\u00f3b\u00e1j\u00e1nak sz\u00f6vege:<br><em>&#8222;Figyelem! Figyelem! \u00d6n\u00f6k a lakoss\u00e1gi riaszt\u00f3 \u00e9s t\u00e1j\u00e9koztat\u00f3 eszk\u00f6z hangos \u00fczempr\u00f3b\u00e1j\u00e1t hallj\u00e1k. A riaszt\u00f3 rendszer m\u0171k\u00f6d\u0151k\u00e9pess\u00e9g\u00e9t ellen\u0151rizz\u00fck, a lakoss\u00e1gnak nincs teend\u0151je.&#8221;<\/em><\/p>\n","protected":false},"excerpt":{"rendered":"<p>Salg\u00f3tarj\u00e1nban okt\u00f3ber 9-\u00e9n ellen\u0151rzik a lakoss\u00e1gi riaszt\u00f3 rendszert.<\/p>\n","protected":false},"author":7,"featured_media":0,"comment_status":"closed","ping_status":"closed","sticky":false,"template":"","format":"standard","meta":{"footnotes":""},"categories":[10],"tags":[],"class_list":["post-15362","post","type-post","status-publish","format-standard","hentry","category-hirek-aktualitasok"],"_links":{"self":[{"href":"https:\/\/www.salgotarjan.hu\/index.php?rest_route=\/wp\/v2\/posts\/15362","targetHints":{"allow":["GET"]}}],"collection":[{"href":"https:\/\/www.salgotarjan.hu\/index.php?rest_route=\/wp\/v2\/posts"}],"about":[{"href":"https:\/\/www.salgotarjan.hu\/index.php?rest_route=\/wp\/v2\/types\/post"}],"author":[{"embeddable":true,"href":"https:\/\/www.salgotarjan.hu\/index.php?rest_route=\/wp\/v2\/users\/7"}],"replies":[{"embeddable":true,"href":"https:\/\/www.salgotarjan.hu\/index.php?rest_route=%2Fwp%2Fv2%2Fcomments&post=15362"}],"version-history":[{"count":1,"href":"https:\/\/www.salgotarjan.hu\/index.php?rest_route=\/wp\/v2\/posts\/15362\/revisions"}],"predecessor-version":[{"id":15363,"href":"https:\/\/www.salgotarjan.hu\/index.php?rest_route=\/wp\/v2\/posts\/15362\/revisions\/15363"}],"wp:attachment":[{"href":"https:\/\/www.salgotarjan.hu\/index.php?rest_route=%2Fwp%2Fv2%2Fmedia&parent=15362"}],"wp:term":[{"taxonomy":"category","embeddable":true,"href":"https:\/\/www.salgotarjan.hu\/index.php?rest_route=%2Fwp%2Fv2%2Fcategories&post=15362"},{"taxonomy":"post_tag","embeddable":true,"href":"https:\/\/www.salgotarjan.hu\/index.php?rest_route=%2Fwp%2Fv2%2Ftags&post=15362"}],"curies":[{"name":"wp","href":"https:\/\/api.w.org\/{rel}","templated":true}]}}