{"id":15319,"date":"2024-09-28T13:10:03","date_gmt":"2024-09-28T11:10:03","guid":{"rendered":"https:\/\/www.salgotarjan.hu\/?p=15319"},"modified":"2024-09-28T13:10:05","modified_gmt":"2024-09-28T11:10:05","slug":"salgotarjan-a-korszeru-epiteszet-es-a-kikapcsolodas-szineiben","status":"publish","type":"post","link":"https:\/\/www.salgotarjan.hu\/?p=15319","title":{"rendered":"Salg\u00f3tarj\u00e1n a korszer\u0171 \u00e9p\u00edt\u00e9szet \u00e9s a kikapcsol\u00f3d\u00e1s sz\u00edneiben"},"content":{"rendered":"<div class=\"wp-block-image\">\n<figure class=\"aligncenter size-large\"><img loading=\"lazy\" decoding=\"async\" width=\"1024\" height=\"768\" src=\"https:\/\/www.salgotarjan.hu\/wp-content\/uploads\/20240928_epiteszet-1024x768.jpg\" alt=\"\" class=\"wp-image-15320\" srcset=\"https:\/\/www.salgotarjan.hu\/wp-content\/uploads\/20240928_epiteszet-1024x768.jpg 1024w, https:\/\/www.salgotarjan.hu\/wp-content\/uploads\/20240928_epiteszet-300x225.jpg 300w, https:\/\/www.salgotarjan.hu\/wp-content\/uploads\/20240928_epiteszet-768x576.jpg 768w, https:\/\/www.salgotarjan.hu\/wp-content\/uploads\/20240928_epiteszet-1536x1152.jpg 1536w, https:\/\/www.salgotarjan.hu\/wp-content\/uploads\/20240928_epiteszet.jpg 1920w\" sizes=\"auto, (max-width: 1024px) 100vw, 1024px\" \/><\/figure>\n<\/div>\n\n\n<p>A N\u00f3gr\u00e1d megye sz\u00edv\u00e9ben elhelyezked\u0151 Salg\u00f3tarj\u00e1n, ipari m\u00falt\u00fa telep\u00fcl\u00e9s, amely az elm\u00falt \u00e9vekben egyre nagyobb figyelmet kap \u00e9p\u00edt\u00e9szeti l\u00e1tnival\u00f3i r\u00e9v\u00e9n. A v\u00e1ros \u00e9s k\u00f6rny\u00e9ke nemcsak t\u00f6rt\u00e9nelmi eml\u00e9khelyekben gazdag, hanem olyan kort\u00e1rs \u00e9p\u00fcletekben is, amelyek \u00faj megvil\u00e1g\u00edt\u00e1sba helyezik a modern \u00e9p\u00edt\u00e9szetet \u00e9s a helyi hagyom\u00e1nyokat.<\/p>\n\n\n\n<p>A teljes cikk megtal\u00e1lhat\u00f3 az al\u00e1bbi oldalon:<br><a href=\"https:\/\/www.daibau.hu\/cikk\/823\/salgotarjan_a_korszeru_epiteszet_es_a_kikapcsolodas_szineiben\" target=\"_blank\" rel=\"noreferrer noopener\">https:\/\/www.daibau.hu\/cikk\/823\/salgotarjan_a_korszeru_epiteszet_es_a_kikapcsolodas_szineiben<\/a><\/p>\n","protected":false},"excerpt":{"rendered":"<p>A N\u00f3gr\u00e1d megye sz\u00edv\u00e9ben elhelyezked\u0151 Salg\u00f3tarj\u00e1n, ipari m\u00falt\u00fa telep\u00fcl\u00e9s, amely az elm\u00falt \u00e9vekben egyre nagyobb figyelmet kap \u00e9p\u00edt\u00e9szeti l\u00e1tnival\u00f3i r\u00e9v\u00e9n. A v\u00e1ros \u00e9s k\u00f6rny\u00e9ke nemcsak t\u00f6rt\u00e9nelmi eml\u00e9khelyekben gazdag, hanem olyan kort\u00e1rs \u00e9p\u00fcletekben is, amelyek \u00faj megvil\u00e1g\u00edt\u00e1sba helyezik a modern \u00e9p\u00edt\u00e9szetet \u00e9s a helyi hagyom\u00e1nyokat.<\/p>\n","protected":false},"author":7,"featured_media":0,"comment_status":"closed","ping_status":"closed","sticky":false,"template":"","format":"standard","meta":{"footnotes":""},"categories":[10],"tags":[],"class_list":["post-15319","post","type-post","status-publish","format-standard","hentry","category-hirek-aktualitasok"],"_links":{"self":[{"href":"https:\/\/www.salgotarjan.hu\/index.php?rest_route=\/wp\/v2\/posts\/15319","targetHints":{"allow":["GET"]}}],"collection":[{"href":"https:\/\/www.salgotarjan.hu\/index.php?rest_route=\/wp\/v2\/posts"}],"about":[{"href":"https:\/\/www.salgotarjan.hu\/index.php?rest_route=\/wp\/v2\/types\/post"}],"author":[{"embeddable":true,"href":"https:\/\/www.salgotarjan.hu\/index.php?rest_route=\/wp\/v2\/users\/7"}],"replies":[{"embeddable":true,"href":"https:\/\/www.salgotarjan.hu\/index.php?rest_route=%2Fwp%2Fv2%2Fcomments&post=15319"}],"version-history":[{"count":1,"href":"https:\/\/www.salgotarjan.hu\/index.php?rest_route=\/wp\/v2\/posts\/15319\/revisions"}],"predecessor-version":[{"id":15321,"href":"https:\/\/www.salgotarjan.hu\/index.php?rest_route=\/wp\/v2\/posts\/15319\/revisions\/15321"}],"wp:attachment":[{"href":"https:\/\/www.salgotarjan.hu\/index.php?rest_route=%2Fwp%2Fv2%2Fmedia&parent=15319"}],"wp:term":[{"taxonomy":"category","embeddable":true,"href":"https:\/\/www.salgotarjan.hu\/index.php?rest_route=%2Fwp%2Fv2%2Fcategories&post=15319"},{"taxonomy":"post_tag","embeddable":true,"href":"https:\/\/www.salgotarjan.hu\/index.php?rest_route=%2Fwp%2Fv2%2Ftags&post=15319"}],"curies":[{"name":"wp","href":"https:\/\/api.w.org\/{rel}","templated":true}]}}