{"id":15225,"date":"2024-08-16T14:12:45","date_gmt":"2024-08-16T12:12:45","guid":{"rendered":"https:\/\/www.salgotarjan.hu\/?p=15225"},"modified":"2024-08-16T14:12:47","modified_gmt":"2024-08-16T12:12:47","slug":"hirdetmeny-42","status":"publish","type":"post","link":"https:\/\/www.salgotarjan.hu\/?p=15225","title":{"rendered":"Hirdetm\u00e9ny"},"content":{"rendered":"\n<p>Tisztelt V\u00e1roslak\u00f3k!<\/p>\n\n\n\n<p>Felk\u00e9r\u00fcnk minden salg\u00f3tarj\u00e1ni lakost, hogy az al\u00e1bbi k\u00e9rd\u0151\u00edv kit\u00f6lt\u00e9s\u00e9vel j\u00e1ruljon hozz\u00e1 a v\u00e1ros k\u00fcl\u00f6nb\u00f6z\u0151 v\u00e1rosfejleszt\u00e9si dokumentumainak kidolgoz\u00e1s\u00e1hoz, fel\u00fclvizsg\u00e1lat\u00e1hoz.<br>2022-ben ker\u00fclt elfogad\u00e1sra Salg\u00f3tarj\u00e1n Fenntarthat\u00f3 V\u00e1rosfejleszt\u00e9si Strat\u00e9gi\u00e1ja, melynek r\u00e9szleges, k\u00f6telez\u0151 fel\u00fclvizsg\u00e1lata 2024-ben esed\u00e9kes. AZ FVS mag\u00e1ban foglalja a 2021-2027-es Eur\u00f3pai Uni\u00f3s tervez\u00e9si ciklus id\u0151szak\u00e1t \u00e9s azon t\u00fal, eg\u00e9szen 2035-ig megval\u00f3s\u00edtand\u00f3 fejleszt\u00e9seket, mely Salg\u00f3tarj\u00e1n teljes k\u00f6zigazgat\u00e1si ter\u00fclet\u00e9t \u00e9rintik, valamint v\u00e1rost\u00e9rs\u00e9gi aspektusokat is tartalmaznak. Tov\u00e1bb\u00e1 komplex c\u00e9lrendszert is alkot, mely t\u00f6bb ter\u00fcletspecifikus strat\u00e9gi\u00e1t foglal mag\u00e1ban, illetve meghat\u00e1rozza az egyes v\u00e1rosr\u00e9szeken bel\u00fcl fejlesztend\u0151 ter\u00fcleteket, kulcsprojekteket \u00e9s \u00faj szeml\u00e9let\u0171 kitekint\u00e9st ad a v\u00e1ros el\u0151tt \u00e1ll\u00f3 fenntarthat\u00f3s\u00e1gi \u00e9s digit\u00e1lis feladatok kapcs\u00e1n.<br>Az FVS-t szab\u00e1lyoz\u00f3 p\u00e1ly\u00e1zati felh\u00edv\u00e1s k\u00f6telez\u0151v\u00e9 teszi annak fel\u00fclvizsg\u00e1lat\u00e1t, mely mag\u00e1ban foglalja a k\u00fcl\u00f6nb\u00f6z\u0151 strat\u00e9gi\u00e1k aktualiz\u00e1l\u00e1s\u00e1t, illetve \u00fajak megalkot\u00e1s\u00e1t is. A fel\u00fclvizsg\u00e1lat egyik eleme a z\u00f6ld- \u00e9s digit\u00e1lis \u00e1t\u00e1ll\u00e1s el\u0151rehaladotts\u00e1g\u00e1nak vizsg\u00e1lata, javaslatok megt\u00e9tele.<br>Ennek a folyamatnak fontos eleme a helyi t\u00e1rsadalom v\u00e9lem\u00e9ny\u00e9nek megismer\u00e9se, ez\u00e9rt k\u00e9rj\u00fck, hogy a k\u00e9rd\u0151\u00edv kit\u00f6lt\u00e9s\u00e9vel seg\u00edtse a Strat\u00e9gia fel\u00fclvizsg\u00e1lat\u00e1t \u00e9s az egy\u00e9b dokumentumok elk\u00e9sz\u00edt\u00e9s\u00e9t!<\/p>\n\n\n\n<p>A v\u00e1ros honlapj\u00e1n 2024. szeptember 08-ig lesz el\u00e9rhet\u0151 a k\u00e9rd\u0151\u00edv.<\/p>\n\n\n\n<p>A kit\u00f6lt\u00e9st el\u0151re is k\u00f6sz\u00f6nj\u00fck!<\/p>\n\n\n\n<p><a href=\"https:\/\/adatok.limequery.com\/655464?lang=hu\" target=\"_blank\" rel=\"noreferrer noopener\">https:\/\/adatok.limequery.com\/655464?lang=hu<\/a><\/p>\n","protected":false},"excerpt":{"rendered":"<p>Felh\u00edv\u00e1s v\u00e1rosfejleszt\u00e9si k\u00e9rd\u0151\u00edv kit\u00f6lt\u00e9s\u00e9re.<\/p>\n","protected":false},"author":7,"featured_media":0,"comment_status":"closed","ping_status":"closed","sticky":false,"template":"","format":"standard","meta":{"footnotes":""},"categories":[10],"tags":[],"class_list":["post-15225","post","type-post","status-publish","format-standard","hentry","category-hirek-aktualitasok"],"_links":{"self":[{"href":"https:\/\/www.salgotarjan.hu\/index.php?rest_route=\/wp\/v2\/posts\/15225","targetHints":{"allow":["GET"]}}],"collection":[{"href":"https:\/\/www.salgotarjan.hu\/index.php?rest_route=\/wp\/v2\/posts"}],"about":[{"href":"https:\/\/www.salgotarjan.hu\/index.php?rest_route=\/wp\/v2\/types\/post"}],"author":[{"embeddable":true,"href":"https:\/\/www.salgotarjan.hu\/index.php?rest_route=\/wp\/v2\/users\/7"}],"replies":[{"embeddable":true,"href":"https:\/\/www.salgotarjan.hu\/index.php?rest_route=%2Fwp%2Fv2%2Fcomments&post=15225"}],"version-history":[{"count":1,"href":"https:\/\/www.salgotarjan.hu\/index.php?rest_route=\/wp\/v2\/posts\/15225\/revisions"}],"predecessor-version":[{"id":15226,"href":"https:\/\/www.salgotarjan.hu\/index.php?rest_route=\/wp\/v2\/posts\/15225\/revisions\/15226"}],"wp:attachment":[{"href":"https:\/\/www.salgotarjan.hu\/index.php?rest_route=%2Fwp%2Fv2%2Fmedia&parent=15225"}],"wp:term":[{"taxonomy":"category","embeddable":true,"href":"https:\/\/www.salgotarjan.hu\/index.php?rest_route=%2Fwp%2Fv2%2Fcategories&post=15225"},{"taxonomy":"post_tag","embeddable":true,"href":"https:\/\/www.salgotarjan.hu\/index.php?rest_route=%2Fwp%2Fv2%2Ftags&post=15225"}],"curies":[{"name":"wp","href":"https:\/\/api.w.org\/{rel}","templated":true}]}}