{"id":15153,"date":"2024-07-08T08:31:15","date_gmt":"2024-07-08T06:31:15","guid":{"rendered":"https:\/\/www.salgotarjan.hu\/?p=15153"},"modified":"2024-07-09T10:01:25","modified_gmt":"2024-07-09T08:01:25","slug":"harmadfoku-hosegriasztas-lep-eletbe-vasarnaptol-pentek-ejfelig","status":"publish","type":"post","link":"https:\/\/www.salgotarjan.hu\/?p=15153","title":{"rendered":"Harmadfok\u00fa h\u0151s\u00e9griaszt\u00e1s"},"content":{"rendered":"\n<p><em>A Nemzeti N\u00e9peg\u00e9szs\u00e9g\u00fcgyi \u00e9s Gy\u00f3gyszer\u00e9szeti K\u00f6zpont<br>\u00e9s a BM Orsz\u00e1gos Katasztr\u00f3fav\u00e9delmi F\u0151igazgat\u00f3s\u00e1g k\u00f6z\u00f6s<\/em><\/p>\n\n\n\n<p><strong>K\u00d6ZLEM\u00c9NYE<\/strong><\/p>\n\n\n\n<p><strong>Az orsz\u00e1gos tisztif\u0151orvos a HungaroMet Magyar Meteorol\u00f3giai Szolg\u00e1ltat\u00f3 Nonprofit Zrt. el\u0151rejelz\u00e9se alapj\u00e1n legmagasabb, harmadfok\u00fa h\u0151s\u00e9griaszt\u00e1st rendel el az orsz\u00e1g eg\u00e9sz ter\u00fclet\u00e9re 2024. j\u00falius 7-\u00e9n (vas\u00e1rnap) 00 \u00f3r\u00e1t\u00f3l 2024. j\u00falius 12-\u00e9n (p\u00e9ntek) 24 \u00f3r\u00e1ig.<\/strong><\/p>\n\n\n\n<p>A Nemzeti N\u00e9peg\u00e9szs\u00e9g\u00fcgyi \u00e9s Gy\u00f3gyszer\u00e9szeti K\u00f6zpont \u00e9s a BM Orsz\u00e1gos Katasztr\u00f3fav\u00e9delmi F\u0151igazgat\u00f3s\u00e1g felh\u00edvja a lakoss\u00e1g \u00e9s az orsz\u00e1gban tart\u00f3zkod\u00f3k figyelm\u00e9t, hogy a tart\u00f3san fenn\u00e1ll\u00f3 meleg megviseli a szervezetet, ez\u00e9rt fokozottan figyelj\u00fcnk a megfelel\u0151 folyad\u00e9kp\u00f3tl\u00e1sra, ker\u00fclj\u00fck a meger\u0151ltet\u0151 fizikai munk\u00e1t, \u00e9s pihenj\u00fcnk t\u00f6bbet.<\/p>\n\n\n\n<p>A szabadt\u00e9ren dolgoz\u00f3k, illetve a szabadt\u00e9ri rendezv\u00e9nyeken sz\u00f3rakoz\u00f3k b\u0151, szell\u0151z\u0151 ruh\u00e1zattal \u00e9s naptejjel v\u00e9dj\u00e9k b\u0151r\u00fcket a le\u00e9g\u00e9s ellen, a napsz\u00far\u00e1s elker\u00fcl\u00e9se \u00e9rdek\u00e9ben viseljenek napellenz\u0151s sapk\u00e1t vagy kalapot.<\/p>\n\n\n\n<p>A szabadban v\u00e9gzett intenz\u00edv fizikai tev\u00e9kenys\u00e9g, p\u00e9ld\u00e1ul munkav\u00e9gz\u00e9s vagy hosszantart\u00f3 sportol\u00e1s h\u0151gut\u00e1t okozhat. Ebben az \u00e1llapotban a magas testh\u0151m\u00e9rs\u00e9klet (40,5\u00baC f\u00f6l\u00f6tt) k\u00e1ros\u00edthatja a sejteket \u00e9s a h\u0151szab\u00e1lyoz\u00f3 k\u00f6zpontot. Megfelel\u0151 kezel\u00e9s hi\u00e1ny\u00e1ban ak\u00e1r \u00e9letvesz\u00e9lyes \u00e1llapot is kialakulhat. Ezt a jelens\u00e9get jellemz\u0151en fiatal feln\u0151tteken lehet \u00e9szlelni, akik a rossz k\u00f6z\u00e9rzet ellen\u00e9re tov\u00e1bb edzenek. A k\u00e1nikul\u00e1ban futni, ker\u00e9kp\u00e1rozni kiz\u00e1r\u00f3lag a reggeli vagy az esti \u00f3r\u00e1kban aj\u00e1nlott. Aki m\u00e9gis a biciklit\u00fara vagy egy\u00e9b akt\u00edv pihen\u00e9si forma mellett d\u00f6nt a h\u0151s\u00e9griaszt\u00e1s ideje alatt, gyakrabban tartson pihen\u0151t, \u00e1lljon meg a k\u00f6zter\u00fcleti nyom\u00f3s kutakn\u00e1l, h\u0171tse csukl\u00f3j\u00e1t, tark\u00f3j\u00e1t, vizezze be p\u00f3l\u00f3j\u00e1t. A katasztr\u00f3fav\u00e9delem weboldal\u00e1n el\u00e9rhet\u0151 azon l\u00e9gkondicion\u00e1lt helyis\u00e9gek list\u00e1ja, amelyet b\u00e1rki ig\u00e9nybe vehet.<\/p>\n\n\n\n<p>Akik a szabads\u00e1gukat v\u00edzparton t\u00f6ltik, a d\u00e9li \u00f3r\u00e1kban ker\u00fclj\u00e9k a napoz\u00e1st, h\u0171ts\u00e9k le magukat, miel\u0151tt a v\u00edzbe menn\u00e9nek, illetve semmik\u00e9ppen ne ugorjanak felhev\u00fclt testtel a v\u00edzbe.<\/p>\n\n\n\n<p>Az aut\u00f3val k\u00f6zleked\u0151ket is fokozott \u00f3vatoss\u00e1gra intj\u00fck, r\u00e1juk is kedvez\u0151tlen hat\u00e1ssal lehet a nagy meleg.<\/p>\n\n\n\n<p>A gyermekeket, h\u00e1zi\u00e1llatokat egy percre se hagyj\u00e1k a parkol\u00f3 aut\u00f3ban! M\u00e9g egy f\u00e9l\u00e1rny\u00e9kban parkol\u00f3, leengedett ablak\u00fa j\u00e1rm\u0171 utastere is \u00e9letvesz\u00e9lyesen felmelegedhet, ak\u00e1r 70 Celsius-fok f\u00f6l\u00e9 is emelkedhet az aut\u00f3 bels\u0151 h\u0151m\u00e9rs\u00e9klete. Ha napon \u00e1ll\u00f3 aut\u00f3ban hagyott gyermeket vagy h\u00e1zi\u00e1llatot l\u00e1tnak, azonnal h\u00edvj\u00e1k a 112-es seg\u00e9lyh\u00edv\u00f3sz\u00e1mot!<\/p>\n\n\n\n<p>A melegben megn\u0151 a szabadt\u00e9ri t\u00fczek kock\u00e1zata, jelenleg hat v\u00e1rmegy\u00e9ben van t\u0171zgy\u00fajt\u00e1si tilalom. A h\u0151s\u00e9griaszt\u00e1s ideje alatt ott sem tan\u00e1csos el\u00e9getni a kerti z\u00f6ldhullad\u00e9kot, ahol ezt az \u00f6nkorm\u00e1nyzat egy\u00e9bk\u00e9nt enged\u00e9lyezi. A bogr\u00e1csoz\u00f3k, grillez\u0151k egyetlen percre se hagyj\u00e1k fel\u00fcgyelet n\u00e9lk\u00fcl a t\u00fczet.<\/p>\n\n\n\n<p>A k\u00e1nikul\u00e1ban megn\u0151 a sz\u00e9n-monoxid-m\u00e9rgez\u00e9s kock\u00e1zata is. A k\u00e9m\u00e9nyben l\u00e9gdug\u00f3 alakulhat ki, amely miatt a f\u00fcstg\u00e1z vissza\u00e1ramlik \u00e9s sz\u00e9n-monoxid fejl\u0151dik. Ez\u00e9rt m\u00e9g ny\u00e1ron is fontos a ny\u00edlt \u00e9g\u00e9ster\u0171 v\u00edzmeleg\u00edt\u0151k mellett sz\u00e9n-monoxid \u00e9rz\u00e9kel\u0151t m\u0171k\u00f6dtetni.<\/p>\n\n\n\n<p>Az orsz\u00e1gos tisztif\u0151orvos \u00e1ltal kiadott h\u0151s\u00e9griaszt\u00e1sok h\u00edre a BM Orsz\u00e1gos Katasztr\u00f3fav\u00e9delmi F\u0151igazgat\u00f3s\u00e1g \u00e1ltal \u00fczemeltetett V\u00c9SZ applik\u00e1ci\u00f3n kereszt\u00fcl is el\u00e9rhet\u0151. A V\u00c9SZ felhaszn\u00e1l\u00f3i m\u00e1r a riaszt\u00e1s kihirdet\u00e9sekor r\u00f6vid sz\u00f6veges \u00fczenetben \u00e9rtes\u00edt\u00e9st kapnak annak id\u0151tartam\u00e1r\u00f3l \u00e9s fokozat\u00e1r\u00f3l.<\/p>\n\n\n\n<p>Forr\u00e1s: <a href=\"https:\/\/www.nnk.gov.hu\/index.php\/kozlemenyek\/2563-harmadfoku-hosegriasztas-lep-eletbe-vasarnaptol-pentek-ejfelig.html\" target=\"_blank\" rel=\"noreferrer noopener\">https:\/\/www.nnk.gov.hu\/index.php\/kozlemenyek\/2563-harmadfoku-hosegriasztas-lep-eletbe-vasarnaptol-pentek-ejfelig.html<\/a><\/p>\n","protected":false},"excerpt":{"rendered":"<p>Az orsz\u00e1gos tisztif\u0151orvos a HungaroMet Magyar Meteorol\u00f3giai Szolg\u00e1ltat\u00f3 Nonprofit Zrt. el\u0151rejelz\u00e9se alapj\u00e1n legmagasabb, harmadfok\u00fa h\u0151s\u00e9griaszt\u00e1st rendel el az orsz\u00e1g eg\u00e9sz ter\u00fclet\u00e9re 2024. j\u00falius 7-\u00e9n (vas\u00e1rnap) 00 \u00f3r\u00e1t\u00f3l 2024. j\u00falius 12-\u00e9n (p\u00e9ntek) 24 \u00f3r\u00e1ig. <\/p>\n","protected":false},"author":7,"featured_media":0,"comment_status":"closed","ping_status":"closed","sticky":false,"template":"","format":"standard","meta":{"footnotes":""},"categories":[10],"tags":[],"class_list":["post-15153","post","type-post","status-publish","format-standard","hentry","category-hirek-aktualitasok"],"_links":{"self":[{"href":"https:\/\/www.salgotarjan.hu\/index.php?rest_route=\/wp\/v2\/posts\/15153","targetHints":{"allow":["GET"]}}],"collection":[{"href":"https:\/\/www.salgotarjan.hu\/index.php?rest_route=\/wp\/v2\/posts"}],"about":[{"href":"https:\/\/www.salgotarjan.hu\/index.php?rest_route=\/wp\/v2\/types\/post"}],"author":[{"embeddable":true,"href":"https:\/\/www.salgotarjan.hu\/index.php?rest_route=\/wp\/v2\/users\/7"}],"replies":[{"embeddable":true,"href":"https:\/\/www.salgotarjan.hu\/index.php?rest_route=%2Fwp%2Fv2%2Fcomments&post=15153"}],"version-history":[{"count":1,"href":"https:\/\/www.salgotarjan.hu\/index.php?rest_route=\/wp\/v2\/posts\/15153\/revisions"}],"predecessor-version":[{"id":15158,"href":"https:\/\/www.salgotarjan.hu\/index.php?rest_route=\/wp\/v2\/posts\/15153\/revisions\/15158"}],"wp:attachment":[{"href":"https:\/\/www.salgotarjan.hu\/index.php?rest_route=%2Fwp%2Fv2%2Fmedia&parent=15153"}],"wp:term":[{"taxonomy":"category","embeddable":true,"href":"https:\/\/www.salgotarjan.hu\/index.php?rest_route=%2Fwp%2Fv2%2Fcategories&post=15153"},{"taxonomy":"post_tag","embeddable":true,"href":"https:\/\/www.salgotarjan.hu\/index.php?rest_route=%2Fwp%2Fv2%2Ftags&post=15153"}],"curies":[{"name":"wp","href":"https:\/\/api.w.org\/{rel}","templated":true}]}}