{"id":15125,"date":"2024-06-19T11:59:10","date_gmt":"2024-06-19T09:59:10","guid":{"rendered":"https:\/\/www.salgotarjan.hu\/?p=15125"},"modified":"2024-06-19T12:01:08","modified_gmt":"2024-06-19T10:01:08","slug":"szerdatol-szombat-ejfelig-harmadfoku-hosegriasztas-lep-eletbe","status":"publish","type":"post","link":"https:\/\/www.salgotarjan.hu\/?p=15125","title":{"rendered":"Szerd\u00e1t\u00f3l szombat \u00e9jf\u00e9lig harmadfok\u00fa h\u0151s\u00e9griaszt\u00e1s l\u00e9p \u00e9letbe"},"content":{"rendered":"\n<p>Az orsz\u00e1gos tisztif\u0151orvos a HungaroMet Magyar Meteorol\u00f3giai Szolg\u00e1ltat\u00f3 Nonprofit Zrt. el\u0151rejelz\u00e9sei alapj\u00e1n legmagasabb, harmadfok\u00fa h\u0151s\u00e9griaszt\u00e1st rendel el az orsz\u00e1g eg\u00e9sz ter\u00fclet\u00e9re 2024. j\u00fanius 19-\u00e9n (szerda) 0.00 \u00f3r\u00e1t\u00f3l 2024. j\u00fanius 22-\u00e9n (szombat) 24:00 \u00f3r\u00e1ig.<\/p>\n\n\n\n<p>A h\u0151s\u00e9g az eg\u00e9szs\u00e9ges szervezetet is megviseli, de a kisgyermekek, az id\u0151sek, a v\u00e1rand\u00f3sok, valamint a sz\u00edv- \u00e9s \u00e9rrendszeri betegs\u00e9ggel \u00e9l\u0151k k\u00fcl\u00f6n\u00f6sen vesz\u00e9lyeztetettek.<\/p>\n\n\n\n<p>A Nemzeti N\u00e9peg\u00e9szs\u00e9g\u00fcgyi \u00e9s Gy\u00f3gyszer\u00e9szeti K\u00f6zpont \u00e9s a BM Orsz\u00e1gos Katasztr\u00f3fav\u00e9delmi F\u0151igazgat\u00f3s\u00e1g azt k\u00e9ri az \u00e1llampolg\u00e1rokt\u00f3l, hogy a nagy melegben fogyasszanak t\u00f6bb folyad\u00e9kot, els\u0151sorban vizet. A d\u00e9li \u00f3r\u00e1kban semmik\u00e9ppen ne tart\u00f3zkodjanak a t\u0171z\u0151 napon, \u00e9s ne feledkezzenek meg a napv\u00e9d\u0151 kr\u00e9mek haszn\u00e1lat\u00e1r\u00f3l, tov\u00e1bb\u00e1 a sapka, vagy kalap visel\u00e9s\u00e9r\u0151l sem.<\/p>\n\n\n\n<p>Aki teheti, tart\u00f3zkodjon \u00e1rny\u00e9kban, l\u00e9gkondicion\u00e1lt helyis\u00e9gben, a legmelegebb \u00f3r\u00e1kban ker\u00fclje a megterhel\u0151 fizikai munk\u00e1t. Az aut\u00f3val k\u00f6zleked\u0151ket k\u00fcl\u00f6n\u00f6s \u00f3vatoss\u00e1gra intj\u00fck, r\u00e1juk is kedvez\u0151tlen hat\u00e1ssal lehet a rendk\u00edv\u00fcli meleg. A v\u00edzparton tart\u00f3zkod\u00f3k h\u0171ts\u00e9k le magukat, miel\u0151tt v\u00edzbe mennek! Felhev\u00fclt testtel ne ugorjanak a v\u00edzbe!<\/p>\n\n\n\n<p>Ilyen id\u0151szakban fontos a fokozott odafigyel\u00e9s. A gyermekeket, h\u00e1zi kedvenceket n\u00e9h\u00e1ny percre se hagyj\u00e1k a parkol\u00f3 aut\u00f3ban! M\u00e9g egy f\u00e9l\u00e1rny\u00e9kban parkol\u00f3 j\u00e1rm\u0171 utastere is \u00e9letvesz\u00e9lyesen felmelegedhet. Ha b\u00e1rki aut\u00f3ban hagyott gyermeket vagy h\u00e1zi\u00e1llatot l\u00e1t, azonnal h\u00edvja a 112-es seg\u00e9lyh\u00edv\u00f3sz\u00e1mot!<\/p>\n\n\n\n<p>A szabadt\u00e9ri t\u00fczek megel\u0151z\u00e9se \u00e9rdek\u00e9ben erd\u0151ben csak a kijel\u00f6lt t\u0171zrak\u00f3helyen gy\u00fajtsunk t\u00fczet, ott is csak akkor, ha az adott v\u00e1rmegy\u00e9ben nincs t\u0171zgy\u00fajt\u00e1si tilalom. Ilyen melegben ott sem javasolt el\u00e9getni a kerti z\u00f6ldhullad\u00e9kot, ahol egy\u00e9bk\u00e9nt az \u00f6nkorm\u00e1nyzat enged\u00e9lyezi. Ha grillez\u00fcnk vagy bogr\u00e1csozunk, a t\u00fczet egyetlen percre se hagyjuk fel\u00fcgyelet n\u00e9lk\u00fcl.<\/p>\n\n\n\n<p>Az orsz\u00e1gos tisztif\u0151orvos \u00e1ltal kiadott h\u0151s\u00e9griaszt\u00e1sok h\u00edre a BM Orsz\u00e1gos Katasztr\u00f3fav\u00e9delmi F\u0151igazgat\u00f3s\u00e1g \u00e1ltal \u00fczemeltetett V\u00c9SZ applik\u00e1ci\u00f3n kereszt\u00fcl is el\u00e9rhet\u0151. A V\u00c9SZ felhaszn\u00e1l\u00f3i m\u00e1r a riaszt\u00e1s kihirdet\u00e9sekor r\u00f6vid sz\u00f6veges \u00fczenetben \u00e9rtes\u00edt\u00e9st kapnak annak id\u0151tartam\u00e1r\u00f3l \u00e9s fokozat\u00e1r\u00f3l.<\/p>\n\n\n\n<p>Forr\u00e1s: <a href=\"https:\/\/www.nnk.gov.hu\/index.php\/kozlemenyek\/2540-szerdatol-szombat-ejfelig-harmadfoku-hosegriasztas-lep-eletbe.html\" target=\"_blank\" rel=\"noreferrer noopener\">https:\/\/www.nnk.gov.hu\/index.php\/kozlemenyek\/2540-szerdatol-szombat-ejfelig-harmadfoku-hosegriasztas-lep-eletbe.html<\/a><\/p>\n","protected":false},"excerpt":{"rendered":"<p>Harmadfok\u00fa h\u0151s\u00e9griaszt\u00e1s az orsz\u00e1g eg\u00e9sz ter\u00fclet\u00e9re 2024. j\u00fanius 19-\u00e9n (szerda) 0.00 \u00f3r\u00e1t\u00f3l 2024. j\u00fanius 22-\u00e9n (szombat) 24:00 \u00f3r\u00e1ig.<\/p>\n","protected":false},"author":7,"featured_media":0,"comment_status":"closed","ping_status":"closed","sticky":false,"template":"","format":"standard","meta":{"footnotes":""},"categories":[10],"tags":[],"class_list":["post-15125","post","type-post","status-publish","format-standard","hentry","category-hirek-aktualitasok"],"_links":{"self":[{"href":"https:\/\/www.salgotarjan.hu\/index.php?rest_route=\/wp\/v2\/posts\/15125","targetHints":{"allow":["GET"]}}],"collection":[{"href":"https:\/\/www.salgotarjan.hu\/index.php?rest_route=\/wp\/v2\/posts"}],"about":[{"href":"https:\/\/www.salgotarjan.hu\/index.php?rest_route=\/wp\/v2\/types\/post"}],"author":[{"embeddable":true,"href":"https:\/\/www.salgotarjan.hu\/index.php?rest_route=\/wp\/v2\/users\/7"}],"replies":[{"embeddable":true,"href":"https:\/\/www.salgotarjan.hu\/index.php?rest_route=%2Fwp%2Fv2%2Fcomments&post=15125"}],"version-history":[{"count":1,"href":"https:\/\/www.salgotarjan.hu\/index.php?rest_route=\/wp\/v2\/posts\/15125\/revisions"}],"predecessor-version":[{"id":15127,"href":"https:\/\/www.salgotarjan.hu\/index.php?rest_route=\/wp\/v2\/posts\/15125\/revisions\/15127"}],"wp:attachment":[{"href":"https:\/\/www.salgotarjan.hu\/index.php?rest_route=%2Fwp%2Fv2%2Fmedia&parent=15125"}],"wp:term":[{"taxonomy":"category","embeddable":true,"href":"https:\/\/www.salgotarjan.hu\/index.php?rest_route=%2Fwp%2Fv2%2Fcategories&post=15125"},{"taxonomy":"post_tag","embeddable":true,"href":"https:\/\/www.salgotarjan.hu\/index.php?rest_route=%2Fwp%2Fv2%2Ftags&post=15125"}],"curies":[{"name":"wp","href":"https:\/\/api.w.org\/{rel}","templated":true}]}}