{"id":14026,"date":"2023-04-14T17:47:00","date_gmt":"2023-04-14T15:47:00","guid":{"rendered":"https:\/\/www.salgotarjan.hu\/?p=14026"},"modified":"2023-04-14T17:47:02","modified_gmt":"2023-04-14T15:47:02","slug":"vasuti-menetrend-valtozas-5","status":"publish","type":"post","link":"https:\/\/www.salgotarjan.hu\/?p=14026","title":{"rendered":"Vas\u00fati menetrend v\u00e1ltoz\u00e1s"},"content":{"rendered":"\n<p>A M\u00c1V-START Zrt. t\u00e1j\u00e9koztat\u00e1sa szerint 2023. \u00e1prilis 17-t\u0151l 2023. \u00e1prilis 23-ig a Hatvan\u2014Somosk\u0151\u00fajfalu \u00e1llom\u00e1sok k\u00f6z\u00f6tt v\u00e9gzett p\u00e1lyakarbantart\u00e1si munk\u00e1k miatt a 81 sz. Hatvan\u2014Somosk\u0151\u00fajfalu vas\u00fatvonalon valamennyi vonat helyett vonatp\u00f3tl\u00f3 aut\u00f3busz k\u00f6zlekedik.<\/p>\n\n\n\n<p>A vonatp\u00f3tl\u00f3 aut\u00f3buszok \u00fatvonala jelent\u0151sen elt\u00e9r a k\u00f6zforgalm\u00fa vas\u00fati menetrendt\u0151l: L\u0151rinciben a V\u00e1rosh\u00e1z\u00e1n\u00e1l, Selypen a L\u0151rinci-Selyp aut\u00f3busz meg\u00e1ll\u00f3helyen, Jobb\u00e1gyiban a Galgagutai el\u00e1gaz\u00e1sn\u00e1l, Szurdokp\u00fcsp\u00f6kiben a Szabads\u00e1g u. 5 sz. aut\u00f3busz meg\u00e1ll\u00f3helyen, M\u00e1travereb\u00e9lyen a Szentk\u00fati el\u00e1gaz\u00e1sn\u00e1l,<br>Kistereny\u00e9n az \u00d3zdi \u00fati el\u00e1gaz\u00e1sn\u00e1l, Kisterenye-B\u00e1nyatelep vas\u00fati meg\u00e1ll\u00f3hely helyett Kisterenye-B\u00e1nyatelep aut\u00f3busz meg\u00e1ll\u00f3ban, Zagyvap\u00e1lfalva vas\u00fat\u00e1llom\u00e1s helyett a Sz\u00e9cs\u00e9nyi \u00fatel\u00e1gaz\u00e1sn\u00e1l, Salg\u00f3tarj\u00e1nban pedig a Postai alulj\u00e1r\u00f3 aut\u00f3busz meg\u00e1ll\u00f3helyen \u00e1llnak meg p\u00f3tl\u00f3buszok.<\/p>\n\n\n<div class=\"wp-block-image\">\n<figure class=\"aligncenter size-large\"><a href=\"https:\/\/www.salgotarjan.hu\/wp-content\/uploads\/20230414_mav_1.jpg\"><img loading=\"lazy\" decoding=\"async\" width=\"724\" height=\"1024\" src=\"https:\/\/www.salgotarjan.hu\/wp-content\/uploads\/20230414_mav_1-724x1024.jpg\" alt=\"\" class=\"wp-image-14027\" srcset=\"https:\/\/www.salgotarjan.hu\/wp-content\/uploads\/20230414_mav_1-724x1024.jpg 724w, https:\/\/www.salgotarjan.hu\/wp-content\/uploads\/20230414_mav_1-212x300.jpg 212w, https:\/\/www.salgotarjan.hu\/wp-content\/uploads\/20230414_mav_1-768x1087.jpg 768w, https:\/\/www.salgotarjan.hu\/wp-content\/uploads\/20230414_mav_1.jpg 826w\" sizes=\"auto, (max-width: 724px) 100vw, 724px\" \/><\/a><\/figure>\n<\/div>\n\n<div class=\"wp-block-image\">\n<figure class=\"aligncenter size-large\"><a href=\"https:\/\/www.salgotarjan.hu\/wp-content\/uploads\/20230414_mav_2.jpg\"><img loading=\"lazy\" decoding=\"async\" width=\"724\" height=\"1024\" src=\"https:\/\/www.salgotarjan.hu\/wp-content\/uploads\/20230414_mav_2-724x1024.jpg\" alt=\"\" class=\"wp-image-14028\" srcset=\"https:\/\/www.salgotarjan.hu\/wp-content\/uploads\/20230414_mav_2-724x1024.jpg 724w, https:\/\/www.salgotarjan.hu\/wp-content\/uploads\/20230414_mav_2-212x300.jpg 212w, https:\/\/www.salgotarjan.hu\/wp-content\/uploads\/20230414_mav_2-768x1087.jpg 768w, https:\/\/www.salgotarjan.hu\/wp-content\/uploads\/20230414_mav_2.jpg 826w\" sizes=\"auto, (max-width: 724px) 100vw, 724px\" \/><\/a><\/figure>\n<\/div>","protected":false},"excerpt":{"rendered":"<p>2023. \u00e1prilis 17-t\u0151l 2023. \u00e1prilis 23-ig a Hatvan\u2014Somosk\u0151\u00fajfalu \u00e1llom\u00e1sok k\u00f6z\u00f6tt v\u00e9gzett p\u00e1lyakarbantart\u00e1si munk\u00e1k miatt a 81 sz. Hatvan\u2014Somosk\u0151\u00fajfalu vas\u00fatvonalon valamennyi vonat helyett vonatp\u00f3tl\u00f3 aut\u00f3busz k\u00f6zlekedik.<\/p>\n","protected":false},"author":7,"featured_media":0,"comment_status":"closed","ping_status":"closed","sticky":false,"template":"","format":"standard","meta":{"footnotes":""},"categories":[10],"tags":[],"class_list":["post-14026","post","type-post","status-publish","format-standard","hentry","category-hirek-aktualitasok"],"_links":{"self":[{"href":"https:\/\/www.salgotarjan.hu\/index.php?rest_route=\/wp\/v2\/posts\/14026","targetHints":{"allow":["GET"]}}],"collection":[{"href":"https:\/\/www.salgotarjan.hu\/index.php?rest_route=\/wp\/v2\/posts"}],"about":[{"href":"https:\/\/www.salgotarjan.hu\/index.php?rest_route=\/wp\/v2\/types\/post"}],"author":[{"embeddable":true,"href":"https:\/\/www.salgotarjan.hu\/index.php?rest_route=\/wp\/v2\/users\/7"}],"replies":[{"embeddable":true,"href":"https:\/\/www.salgotarjan.hu\/index.php?rest_route=%2Fwp%2Fv2%2Fcomments&post=14026"}],"version-history":[{"count":1,"href":"https:\/\/www.salgotarjan.hu\/index.php?rest_route=\/wp\/v2\/posts\/14026\/revisions"}],"predecessor-version":[{"id":14029,"href":"https:\/\/www.salgotarjan.hu\/index.php?rest_route=\/wp\/v2\/posts\/14026\/revisions\/14029"}],"wp:attachment":[{"href":"https:\/\/www.salgotarjan.hu\/index.php?rest_route=%2Fwp%2Fv2%2Fmedia&parent=14026"}],"wp:term":[{"taxonomy":"category","embeddable":true,"href":"https:\/\/www.salgotarjan.hu\/index.php?rest_route=%2Fwp%2Fv2%2Fcategories&post=14026"},{"taxonomy":"post_tag","embeddable":true,"href":"https:\/\/www.salgotarjan.hu\/index.php?rest_route=%2Fwp%2Fv2%2Ftags&post=14026"}],"curies":[{"name":"wp","href":"https:\/\/api.w.org\/{rel}","templated":true}]}}