{"id":14012,"date":"2023-04-13T15:04:42","date_gmt":"2023-04-13T13:04:42","guid":{"rendered":"https:\/\/www.salgotarjan.hu\/?p=14012"},"modified":"2023-04-14T17:35:25","modified_gmt":"2023-04-14T15:35:25","slug":"palyazati-felhivas-77","status":"publish","type":"post","link":"https:\/\/www.salgotarjan.hu\/?p=14012","title":{"rendered":"P\u00e1ly\u00e1zati felh\u00edv\u00e1sok orvosoknak"},"content":{"rendered":"\n<h2 class=\"wp-block-heading has-accent-color has-text-color\"><strong>P\u00e1ly\u00e1zat orvosok lakhat\u00e1si t\u00e1mogat\u00e1s\u00e1ra<\/strong><\/h2>\n\n\n\n<p>Salg\u00f3tarj\u00e1n Megyei Jog\u00fa V\u00e1ros \u00d6nkorm\u00e1nyzat\u00e1nak c\u00e9lja, hogy az eg\u00e9szs\u00e9g\u00fcgyi alapell\u00e1t\u00e1s m\u0171k\u00f6d\u0151k\u00e9pess\u00e9g\u00e9nek megtart\u00e1sa \u00e9rdek\u00e9ben el\u0151seg\u00edtse Salg\u00f3tarj\u00e1nban a salg\u00f3tarj\u00e1ni alapell\u00e1t\u00e1sban jogviszonyt l\u00e9tes\u00edt\u0151 orvosok leteleped\u00e9s\u00e9t. Ennek \u00e9rdek\u00e9ben 2023. \u00e1prilis 1-t\u0151l leteleped\u00e9st \u00f6szt\u00f6nz\u0151 programot ind\u00edt, amelyhez p\u00e1ly\u00e1zat \u00fatj\u00e1n lehet csatlakozni.<\/p>\n\n\n\n<p>A r\u00e9szletes p\u00e1ly\u00e1zati felh\u00edv\u00e1s \u00e9s adatlap el\u00e9rhet\u0151 az \u00d6nkorm\u00e1nyzat-&gt;<a href=\"https:\/\/www.salgotarjan.hu\/?page_id=829\">P\u00e1ly\u00e1zatok<\/a> oldalon.<\/p>\n\n\n\n<h2 class=\"wp-block-heading has-accent-color has-text-color\">P\u00e1ly\u00e1zat legal\u00e1bb 12 h\u00f3napja bet\u00f6ltetlen h\u00e1ziorvosi vagy fogorvosi k\u00f6rzetet bet\u00f6lt\u0151 orvosok t\u00e1mogat\u00e1s\u00e1ra<\/h2>\n\n\n\n<p>Salg\u00f3tarj\u00e1n Megyei Jog\u00fa V\u00e1ros \u00d6nkorm\u00e1nyzat\u00e1nak c\u00e9lja, hogy az eg\u00e9szs\u00e9g\u00fcgyi alapell\u00e1t\u00e1s m\u0171k\u00f6d\u0151k\u00e9pess\u00e9g\u00e9nek megtart\u00e1sa \u00e9rdek\u00e9ben el\u0151seg\u00edtse Salg\u00f3tarj\u00e1nban a legal\u00e1bb 12 h\u00f3napja bet\u00f6ltetlen h\u00e1ziorvosi\/h\u00e1zi gyermekorvosi\/fogorvosi k\u00f6rzeteket bet\u00f6lt\u00e9s\u00e9t. Ennek \u00e9rdek\u00e9ben 2023. \u00e1prilis 1-t\u0151l, a legal\u00e1bb 12 h\u00f3napja bet\u00f6ltetlen h\u00e1ziorvosi, h\u00e1zi gyermekorvosi vagy fogorvosi k\u00f6rzet bet\u00f6lt\u00e9s\u00e9re az \u00f6nkorm\u00e1nyzat egy\u00f6sszeg\u0171 t\u00e1mogat\u00e1st biztos\u00edt, amelyhez p\u00e1ly\u00e1zat \u00fatj\u00e1n lehet csatlakozni.<\/p>\n\n\n\n<p>A r\u00e9szletes p\u00e1ly\u00e1zati felh\u00edv\u00e1s \u00e9s adatlap el\u00e9rhet\u0151 az \u00d6nkorm\u00e1nyzat-&gt;<a href=\"https:\/\/www.salgotarjan.hu\/?page_id=829\">P\u00e1ly\u00e1zatok<\/a> oldalon.<\/p>\n","protected":false},"excerpt":{"rendered":"<p>P\u00e1ly\u00e1zat orvosok lakhat\u00e1si t\u00e1mogat\u00e1s\u00e1ra \u00e9s legal\u00e1bb 12 h\u00f3napja bet\u00f6ltetlen h\u00e1ziorvosi vagy fogorvosi k\u00f6rzetet bet\u00f6lt\u0151 orvosok t\u00e1mogat\u00e1s\u00e1ra.<\/p>\n","protected":false},"author":7,"featured_media":14023,"comment_status":"closed","ping_status":"closed","sticky":false,"template":"","format":"standard","meta":{"footnotes":""},"categories":[10,8],"tags":[],"class_list":["post-14012","post","type-post","status-publish","format-standard","has-post-thumbnail","hentry","category-hirek-aktualitasok","category-kiemelt"],"_links":{"self":[{"href":"https:\/\/www.salgotarjan.hu\/index.php?rest_route=\/wp\/v2\/posts\/14012","targetHints":{"allow":["GET"]}}],"collection":[{"href":"https:\/\/www.salgotarjan.hu\/index.php?rest_route=\/wp\/v2\/posts"}],"about":[{"href":"https:\/\/www.salgotarjan.hu\/index.php?rest_route=\/wp\/v2\/types\/post"}],"author":[{"embeddable":true,"href":"https:\/\/www.salgotarjan.hu\/index.php?rest_route=\/wp\/v2\/users\/7"}],"replies":[{"embeddable":true,"href":"https:\/\/www.salgotarjan.hu\/index.php?rest_route=%2Fwp%2Fv2%2Fcomments&post=14012"}],"version-history":[{"count":1,"href":"https:\/\/www.salgotarjan.hu\/index.php?rest_route=\/wp\/v2\/posts\/14012\/revisions"}],"predecessor-version":[{"id":14025,"href":"https:\/\/www.salgotarjan.hu\/index.php?rest_route=\/wp\/v2\/posts\/14012\/revisions\/14025"}],"wp:featuredmedia":[{"embeddable":true,"href":"https:\/\/www.salgotarjan.hu\/index.php?rest_route=\/wp\/v2\/media\/14023"}],"wp:attachment":[{"href":"https:\/\/www.salgotarjan.hu\/index.php?rest_route=%2Fwp%2Fv2%2Fmedia&parent=14012"}],"wp:term":[{"taxonomy":"category","embeddable":true,"href":"https:\/\/www.salgotarjan.hu\/index.php?rest_route=%2Fwp%2Fv2%2Fcategories&post=14012"},{"taxonomy":"post_tag","embeddable":true,"href":"https:\/\/www.salgotarjan.hu\/index.php?rest_route=%2Fwp%2Fv2%2Ftags&post=14012"}],"curies":[{"name":"wp","href":"https:\/\/api.w.org\/{rel}","templated":true}]}}