{"id":13684,"date":"2022-11-22T19:35:39","date_gmt":"2022-11-22T18:35:39","guid":{"rendered":"https:\/\/www.salgotarjan.hu\/?p=13684"},"modified":"2022-11-22T19:45:04","modified_gmt":"2022-11-22T18:45:04","slug":"sikeres-zaroforum-a-varosi-klimastrategia-gyakorlati-megvalositasarol","status":"publish","type":"post","link":"https:\/\/www.salgotarjan.hu\/?p=13684","title":{"rendered":"<strong>Sikeres z\u00e1r\u00f3f\u00f3rum a v\u00e1rosi kl\u00edmastrat\u00e9gia gyakorlati megval\u00f3s\u00edt\u00e1s\u00e1r\u00f3l!<\/strong>"},"content":{"rendered":"\n<p>2022. november 22-\u00e9n a Salg\u00f3tarj\u00e1n MJV \u00d6nkorm\u00e1nyzata d\u00edszterm\u00e9ben megtartott z\u00e1r\u00f3konferenci\u00e1n ismerkedhettek a r\u00e9sztvev\u0151k az elfogadott v\u00e1rosi kl\u00edmastrat\u00e9gi\u00e1val \u00e9s t\u00e1j\u00e9koz\u00f3dhattak a j\u00f6v\u0151t meghat\u00e1roz\u00f3 helyi kl\u00edmav\u00e9delem gyakorlati megval\u00f3s\u00edt\u00e1s\u00e1nak lehet\u0151s\u00e9geir\u0151l \u00e9s kih\u00edv\u00e1sair\u00f3l!<\/p>\n\n\n\n<p>A Sz\u00e9chenyi 2020 program keret\u00e9ben Salg\u00f3tarj\u00e1n Megyei Jog\u00fa V\u00e1ros \u00d6nkorm\u00e1nyzata gondoz\u00e1s\u00e1ban zajl\u00f3 \u201eSalg\u00f3tarj\u00e1n Megyei Jog\u00fa V\u00e1ros helyi kl\u00edmastrat\u00e9gi\u00e1ja\u201d KEHOP-1.2.1-18-2019-00240 azonos\u00edt\u00f3sz\u00e1m\u00fa projekt kl\u00edmatudatoss\u00e1got er\u0151s\u00edt\u0151 szeml\u00e9letform\u00e1l\u00f3 programsorozata z\u00e1r\u00f3rendezv\u00e9ny\u00e9nek r\u00e9sztvev\u0151i eredm\u00e9nyesnek \u00e9s hasznosnak tal\u00e1lt\u00e1k a projektet, melynek keret\u00e9ben kidolgozott kl\u00edmastrat\u00e9gia \u00e9s int\u00e9zked\u00e9si terv 10 \u00e9vre ad ir\u00e1nymutat\u00e1st a v\u00e1ros vezet\u0151i \u00e9s lakoss\u00e1ga sz\u00e1m\u00e1ra.<br>A 2021. febru\u00e1rj\u00e1ban indult folyamat keret\u00e9ben elk\u00e9sz\u00fclt Salg\u00f3tarj\u00e1n v\u00e1ros kl\u00edmastrat\u00e9gi\u00e1ja, melynek legf\u0151bb c\u00e9lkit\u0171z\u00e9se a kl\u00edmav\u00e1ltoz\u00e1s okozta kock\u00e1zatok megel\u0151z\u00e9se, a hat\u00e1sok m\u00e9rs\u00e9kl\u00e9se \u00e9s a hat\u00e1sokhoz val\u00f3 alkalmazkod\u00f3k\u00e9pess\u00e9g jav\u00edt\u00e1sa, olyan, a helyi felt\u00e9telekhez illeszked\u0151 strat\u00e9giai dokumentum megalkot\u00e1sa r\u00e9v\u00e9n, amely az \u00e9rintettek sz\u00e9les k\u00f6r\u00e9nek bevon\u00e1s\u00e1val hat\u00e1rozza meg a legfontosabb r\u00f6vid \u00e9s hossz\u00fa t\u00e1v\u00fa int\u00e9zked\u00e9sek k\u00f6r\u00e9t. Szak\u00e9rt\u0151k \u00e1ll\u00edtott\u00e1k \u00f6ssze azt a szakmai tervezetet, amellyel kapcsolatban minden \u00e9rdekelt elmondhatta \u00e1ll\u00e1spontj\u00e1t, javaslatait az \u00fan. t\u00e1rsadalmas\u00edt\u00e1s sor\u00e1n: a helyi lakoss\u00e1g \u00e9s a d\u00f6nt\u00e9shoz\u00f3k online nyilv\u00e1n\u00edthattak v\u00e9lem\u00e9nyt.<br>A kl\u00edmastrat\u00e9gia megalkot\u00e1s\u00e1val p\u00e1rhuzamosan szeml\u00e9letform\u00e1l\u00f3 programok, akci\u00f3k seg\u00edtett\u00e9k a lakoss\u00e1g sz\u00e9les k\u00f6r\u0171 t\u00e1j\u00e9koztat\u00e1s\u00e1t \u00e9s a t\u00e9m\u00e1ban val\u00f3 j\u00e1rtass\u00e1g\u00e1nak elm\u00e9ly\u00edt\u00e9s\u00e9t. A k\u00f6rnyezet- \u00e9s kl\u00edmatudatos \u00e9letm\u00f3ddal kapcsolatos ismereteket a lakoss\u00e1g sz\u00e9les r\u00e9tegeihez siker\u00fclt eljuttatni az iskolai \u00e9s \u00f3vodai esem\u00e9nyeken, valamint a v\u00e1rosi rendezv\u00e9nyeken fel\u00e1ll\u00edtott Kl\u00edma-Ponton. Itt az \u00e9rdekl\u0151d\u0151k a mindennapok sor\u00e1n alkalmazhat\u00f3 praktikus tan\u00e1csokkal is gazdagodtak, de rendk\u00edv\u00fcl n\u00e9pszer\u0171ek voltak a kisgyermekeket foglalkoztat\u00f3 j\u00e1t\u00e9kok, sz\u00ednez\u0151k \u00e9s feladatlapok, ahogyan a feln\u0151ttek is \u00e9rdekl\u0151d\u00e9ssel \u00e9s \u00f6r\u00f6mmel t\u00f6lt\u00f6tt\u00e9k ki a kl\u00edmatot\u00f3t.<br>A v\u00e1ros nev\u00e9ben Dr. D\u00e1niel Zolt\u00e1n, alpolg\u00e1rmester azt hangs\u00falyozta a konferenci\u00e1n, hogy a kl\u00edmastrat\u00e9giai projekt eredm\u00e9nyei \u00e9s aj\u00e1nl\u00e1sai j\u00f3l illeszkednek a Fenntarthat\u00f3 V\u00e1rosfejleszt\u00e9si Strat\u00e9gi\u00e1ba, ezen bel\u00fcl a Z\u00f6ld\u00fcl\u0151 v\u00e1ros dimenzi\u00f3hoz, amely a v\u00e1rosi energiaf\u00fcgg\u0151s\u00e9g alternat\u00edv energiaforr\u00e1sokkal val\u00f3 old\u00e1s\u00e1t c\u00e9lozza. A k\u00e9rd\u00e9sre, hogy Milyen legyen 2030-ra Salg\u00f3tarj\u00e1n? h\u00e1rom dimenzi\u00f3t emelt ki a kl\u00edmastrat\u00e9gi\u00e1b\u00f3l:<br><br>1\/ KL\u00cdMATUDATOSS\u00c1G \u2013 FENNTARTHAT\u00d3 K\u00d6ZTEREK \u2013 TISZTA MOBILIT\u00c1S<br>A v\u00e1ros j\u00f6v\u0151k\u00e9p\u00e9ben kiemelt hangs\u00falyt kap a fejlett kisv\u00e1rosias \u00e9let, melyben fontos \u00e9rt\u00e9ket jelent a k\u00f6rnyezettudatos \u00e9letm\u00f3d. Ehhez kapcsol\u00f3dik a fenntarthat\u00f3 mobilit\u00e1s kialak\u00edt\u00e1sa, tov\u00e1bb\u00e1 kl\u00edmabar\u00e1t k\u00f6zterek \u00e9s a term\u00e9szetk\u00f6zeli, kisl\u00e9pt\u00e9k\u0171 turizmus h\u00e1l\u00f3zatos fejleszt\u00e9se. A v\u00e1ros \u00e9s a k\u00f6rnyez\u0151 falvak akkor m\u0171k\u00f6dhetnek fenntarthat\u00f3an \u00e9s kiegyens\u00falyozottan, ha a n\u00e9pess\u00e9get meg tudj\u00e1k tartani, megfelel\u0151 \u00e9letmin\u0151s\u00e9get ny\u00fajtanak sz\u00e1m\u00e1ra, \u00e9s a lakosok munk\u00e1juk, szem\u00e9lyes \u00e9s k\u00f6z\u00e9leti tev\u00e9kenys\u00e9geik r\u00e9v\u00e9n fenntartj\u00e1k \u00e9s m\u0171k\u00f6dtetik azt.<br><br>2\/ ENERGIATUDATOSS\u00c1G \u2013 T\u00c1RSADALMI \u00c9S K\u00d6RNYEZETI IGAZS\u00c1GOSS\u00c1G<br>Fontos eleme a j\u00f6v\u0151k\u00e9pnek az \u00f6nkorm\u00e1nyzati szektoron t\u00fal, a h\u00e1ztart\u00e1sok \u00e9s egy\u00e9b lakoss\u00e1gi beruh\u00e1z\u00e1sok, illetve az ipari \u00fczemek \u00e9s gazdas\u00e1gi v\u00e1llalkoz\u00e1sok tov\u00e1bbi energiahat\u00e9kony fejleszt\u00e9se, ennek c\u00e9lzott t\u00e1mogat\u00e1sa, k\u00fcl\u00f6n f\u00f3kusz\u00e1lva a s\u00e9r\u00fcl\u00e9kenyebb t\u00e1rsadalmi csoportokra, telep\u00fcl\u00e9sr\u00e9szekre \u00e9s a kis- \u00e9s k\u00f6z\u00e9pv\u00e1llalkoz\u00e1sokra. Tov\u00e1bbi v\u00e1ros-specifikus c\u00e9lkit\u0171z\u00e9s a barnamez\u0151s ter\u00fcletek fenntarthat\u00f3 m\u00f3don t\u00f6rt\u00e9n\u0151 integr\u00e1l\u00e1sa a v\u00e1ros sz\u00f6vet\u00e9be. A v\u00e1rosi j\u00f6v\u0151k\u00e9p szerves r\u00e9sz\u00e9t k\u00e9pezi a k\u00f6rnyezettudatos oktat\u00e1s \u00e9s k\u00f6zm\u0171vel\u0151d\u00e9si lehet\u0151s\u00e9gek fejleszt\u00e9se, tov\u00e1bb\u00e1 a sz\u00e9lesebb lakoss\u00e1gi \u00e9s gazdas\u00e1gi szerepl\u0151ket is bevon\u00f3 szeml\u00e9letform\u00e1l\u00e1s, gyakorlati tud\u00e1s\u00e1tad\u00e1s \u00e9s annak alkalmaz\u00e1s\u00e1nak \u00f6szt\u00f6nz\u00e9se.<br><br>3\/ A v\u00e1rost\u00e9rs\u00e9g \u00e1tfog\u00f3 dekarboniz\u00e1ci\u00f3s c\u00e9lkit\u0171z\u00e9se, hogy 2030-ra 20 %-kal cs\u00f6kkenjen a v\u00e1roshoz k\u00f6thet\u0151 k\u00f6zvetlen \u00e9s k\u00f6zvetett \u2013 t\u00e1voli fosszilis er\u0151forr\u00e1sfelhaszn\u00e1l\u00e1s okozta \u2013 CO2 kibocs\u00e1t\u00e1s.<\/p>\n\n\n\n<p><a href=\"https:\/\/www.salgotarjan.hu\/wp-content\/uploads\/klimastrategiaiprojekt_20221122_zarokonferencia_cikk.pdf\" target=\"_blank\" rel=\"noreferrer noopener\">Nyomtathat\u00f3 v\u00e1ltozat let\u00f6lt\u00e9se<\/a> (pdf)<\/p>\n","protected":false},"excerpt":{"rendered":"<p>2022. november 22-\u00e9n a Salg\u00f3tarj\u00e1n MJV \u00d6nkorm\u00e1nyzata d\u00edszterm\u00e9ben megtartott z\u00e1r\u00f3konferenci\u00e1n ismerkedhettek a r\u00e9sztvev\u0151k az elfogadott v\u00e1rosi kl\u00edmastrat\u00e9gi\u00e1val \u00e9s t\u00e1j\u00e9koz\u00f3dhattak a j\u00f6v\u0151t meghat\u00e1roz\u00f3 helyi kl\u00edmav\u00e9delem gyakorlati megval\u00f3s\u00edt\u00e1s\u00e1nak lehet\u0151s\u00e9geir\u0151l \u00e9s kih\u00edv\u00e1sair\u00f3l! A Sz\u00e9chenyi 2020 program keret\u00e9ben Salg\u00f3tarj\u00e1n Megyei Jog\u00fa V\u00e1ros \u00d6nkorm\u00e1nyzata gondoz\u00e1s\u00e1ban zajl\u00f3 \u201eSalg\u00f3tarj\u00e1n Megyei Jog\u00fa V\u00e1ros helyi kl\u00edmastrat\u00e9gi\u00e1ja\u201d KEHOP-1.2.1-18-2019-00240 azonos\u00edt\u00f3sz\u00e1m\u00fa projekt kl\u00edmatudatoss\u00e1got er\u0151s\u00edt\u0151 szeml\u00e9letform\u00e1l\u00f3 programsorozata z\u00e1r\u00f3rendezv\u00e9ny\u00e9nek &#8230; <a title=\"Sikeres z\u00e1r\u00f3f\u00f3rum a v\u00e1rosi kl\u00edmastrat\u00e9gia gyakorlati megval\u00f3s\u00edt\u00e1s\u00e1r\u00f3l!\" class=\"read-more\" href=\"https:\/\/www.salgotarjan.hu\/?p=13684\" aria-label=\"Read more about Sikeres z\u00e1r\u00f3f\u00f3rum a v\u00e1rosi kl\u00edmastrat\u00e9gia gyakorlati megval\u00f3s\u00edt\u00e1s\u00e1r\u00f3l!\">Olvass tov\u00e1bb<\/a><\/p>\n","protected":false},"author":7,"featured_media":0,"comment_status":"closed","ping_status":"closed","sticky":false,"template":"","format":"standard","meta":{"footnotes":""},"categories":[1],"tags":[],"class_list":["post-13684","post","type-post","status-publish","format-standard","hentry","category-egyebek"],"_links":{"self":[{"href":"https:\/\/www.salgotarjan.hu\/index.php?rest_route=\/wp\/v2\/posts\/13684","targetHints":{"allow":["GET"]}}],"collection":[{"href":"https:\/\/www.salgotarjan.hu\/index.php?rest_route=\/wp\/v2\/posts"}],"about":[{"href":"https:\/\/www.salgotarjan.hu\/index.php?rest_route=\/wp\/v2\/types\/post"}],"author":[{"embeddable":true,"href":"https:\/\/www.salgotarjan.hu\/index.php?rest_route=\/wp\/v2\/users\/7"}],"replies":[{"embeddable":true,"href":"https:\/\/www.salgotarjan.hu\/index.php?rest_route=%2Fwp%2Fv2%2Fcomments&post=13684"}],"version-history":[{"count":1,"href":"https:\/\/www.salgotarjan.hu\/index.php?rest_route=\/wp\/v2\/posts\/13684\/revisions"}],"predecessor-version":[{"id":13686,"href":"https:\/\/www.salgotarjan.hu\/index.php?rest_route=\/wp\/v2\/posts\/13684\/revisions\/13686"}],"wp:attachment":[{"href":"https:\/\/www.salgotarjan.hu\/index.php?rest_route=%2Fwp%2Fv2%2Fmedia&parent=13684"}],"wp:term":[{"taxonomy":"category","embeddable":true,"href":"https:\/\/www.salgotarjan.hu\/index.php?rest_route=%2Fwp%2Fv2%2Fcategories&post=13684"},{"taxonomy":"post_tag","embeddable":true,"href":"https:\/\/www.salgotarjan.hu\/index.php?rest_route=%2Fwp%2Fv2%2Ftags&post=13684"}],"curies":[{"name":"wp","href":"https:\/\/api.w.org\/{rel}","templated":true}]}}