{"id":13258,"date":"2022-06-22T18:23:52","date_gmt":"2022-06-22T16:23:52","guid":{"rendered":"https:\/\/www.salgotarjan.hu\/?p=13258"},"modified":"2022-06-22T18:23:54","modified_gmt":"2022-06-22T16:23:54","slug":"klimavedelmi-szemleletformalas-az-ovodakban-sajtokozlemeny","status":"publish","type":"post","link":"https:\/\/www.salgotarjan.hu\/?p=13258","title":{"rendered":"Kl\u00edmav\u00e9delmi szeml\u00e9letform\u00e1l\u00e1s az \u00f3vod\u00e1kban (sajt\u00f3k\u00f6zlem\u00e9ny)"},"content":{"rendered":"\n<p>Az elm\u00falt hetekben mintegy n\u00e9gysz\u00e1z \u00f3vod\u00e1s r\u00e9szv\u00e9tel\u00e9vel, \u201eH\u00f3d Huncutka kalandjai\u201d c\u00edmmel kl\u00edmav\u00e9delmi foglalkoz\u00e1sok zajlottak a v\u00e1rosban, ahol a kisgyermekek kreat\u00edv \u00e9s j\u00e1t\u00e9kos form\u00e1ban ismerhett\u00e9k meg a k\u00f6rnyezetv\u00e9delem fontoss\u00e1g\u00e1t. Az \u00f3vodai program a Salg\u00f3tarj\u00e1n Megyei Jog\u00fa V\u00e1ros \u00d6nkorm\u00e1nyzata gondoz\u00e1s\u00e1ban zajl\u00f3 KEHOP-1.2.1-18-2019-00240 azonos\u00edt\u00f3sz\u00e1m\u00fa, \u201eSalg\u00f3tarj\u00e1n Megyei Jog\u00fa V\u00e1ros helyi kl\u00edmastrat\u00e9gi\u00e1ja\u201d projekt r\u00e9szek\u00e9nt ker\u00fclt<\/p>\n\n\n\n<p>Amint arr\u00f3l kor\u00e1bban besz\u00e1moltunk, a Sz\u00e9chenyi 2020 program keret\u00e9ben Salg\u00f3tarj\u00e1n Megyei Jog\u00fa V\u00e1ros \u00d6nkorm\u00e1nyzata 20 milli\u00f3 forint vissza nem t\u00e9r\u00edtend\u0151 eur\u00f3pai uni\u00f3s t\u00e1mogat\u00e1sb\u00f3l k\u00e9sz\u00edtette el<br>Salg\u00f3tarj\u00e1n kl\u00edmastrat\u00e9gi\u00e1j\u00e1t, melynek els\u0151dleges c\u00e9lja, hogy megold\u00e1sokat mutasson be a kl\u00edmav\u00e1ltoz\u00e1s okozta kock\u00e1zatok megel\u0151z\u00e9s\u00e9re, a negat\u00edv hat\u00e1sok m\u00e9rs\u00e9kl\u00e9s\u00e9re \u00e9s megismertesse a lakoss\u00e1got a lehets\u00e9ges beavatkoz\u00e1si ir\u00e1nyokkal.<\/p>\n\n\n\n<p>A projekt m\u00e1sik feladata a lakoss\u00e1g kl\u00edmav\u00e9delemmel kapcsolatos szeml\u00e9letform\u00e1l\u00e1sa, ez\u00e9rt a telep\u00fcl\u00e9s \u00f3vod\u00e1skor\u00fa gyermekei sz\u00e1m\u00e1ra is kidolgoz\u00e1sra ker\u00fclt egy kreat\u00edv foglalkoz\u00e1s, amelynek sor\u00e1n az \u00f3vodapedag\u00f3gusok j\u00e1t\u00e9kos feladatok seg\u00edts\u00e9g\u00e9vel vezett\u00e9k r\u00e1 a gyermekeket a k\u00f6rnyezetv\u00e9delem fontoss\u00e1g\u00e1ra. A kl\u00edmatudatoss\u00e1got er\u0151s\u00edt\u0151 programban az \u00f3vod\u00e1sok megismerhett\u00e9k H\u00f3d Huncutka kalandjait. A kicsik mesefilm seg\u00edts\u00e9g\u00e9vel tanulhattak arr\u00f3l, hogy mi\u00e9rt k\u00e1ros a l\u00e9gszennyez\u00e9s, hogyan hat a kl\u00edmav\u00e1ltoz\u00e1s a vadon\u00e9l\u0151 \u00e1llatokra \u00e9s a term\u00e9szeti k\u00f6rnyezetre, illetve hogyan gy\u0171jts\u00e9k szelekt\u00edven a hullad\u00e9kokat. A filmn\u00e9z\u00e9s ut\u00e1n j\u00e1t\u00e9kos tud\u00e1sfelm\u00e9r\u0151t is kit\u00f6lt\u00f6ttek az \u00f3vod\u00e1sok, ezut\u00e1n pedig \u00fajrahasznos\u00edtott anyagokb\u00f3l bark\u00e1csolhattak k\u00fcl\u00f6nb\u00f6z\u0151 j\u00e1t\u00e9kokat.<\/p>\n\n\n\n<p>A kl\u00edmaprojektet megval\u00f3s\u00edt\u00f3 szak\u00e9rt\u0151i \u00e9s szervez\u0151i munkacsoport vezet\u0151je, Dr. Forg\u00f3 G\u00e1bor \u00f6r\u00f6m\u00e9t fejezte ki, hogy a legkisebbeket is siker\u00fclt bevonni a kl\u00edmatudatos szeml\u00e9letform\u00e1l\u00e1sba. Hangs\u00falyozta, hogy ezt az \u00e9rz\u00e9keny\u00edt\u00e9st nem lehet el\u00e9g kor\u00e1n elkezdeni, \u00edgy seg\u00edtve a felel\u0151sen gondolkod\u00f3 k\u00f6vetkez\u0151 gener\u00e1ci\u00f3 nevel\u00e9s\u00e9t. Mint elmondta, a v\u00edrushelyzet miatt a szervez\u0151knek nagy kih\u00edv\u00e1st jelentett a gyermekek vesz\u00e9lyeztet\u00e9se n\u00e9lk\u00fcli, de szakmailag min\u0151s\u00e9gi program megtervez\u00e9se \u00e9s kivitelez\u00e9se. A r\u00e9sztvev\u0151 \u00f3vod\u00e1k visszajelz\u00e9se szerint a gyermekek \u00f6r\u00f6mmel vettek r\u00e9szt a foglalkoz\u00e1sokon.<\/p>\n\n\n\n<p>A projektr\u0151l b\u0151vebb inform\u00e1ci\u00f3t a www.salgotarjan.hu oldalon olvashatnak.<\/p>\n\n\n\n<p>Tov\u00e1bbi inform\u00e1ci\u00f3 k\u00e9rhet\u0151:<\/p>\n\n\n\n<p>Moln\u00e1r P\u00e9ter irodavezet\u0151-helyettes<br>telefon: +36 32 522-931<br>e-mail: molnar.peter@salgotarjan.hu<\/p>\n","protected":false},"excerpt":{"rendered":"<p>Az elm\u00falt hetekben mintegy n\u00e9gysz\u00e1z \u00f3vod\u00e1s r\u00e9szv\u00e9tel\u00e9vel, \u201eH\u00f3d Huncutka kalandjai\u201d c\u00edmmel kl\u00edmav\u00e9delmi foglalkoz\u00e1sok zajlottak a v\u00e1rosban, ahol a kisgyermekek kreat\u00edv \u00e9s j\u00e1t\u00e9kos form\u00e1ban ismerhett\u00e9k meg a k\u00f6rnyezetv\u00e9delem fontoss\u00e1g\u00e1t.<\/p>\n","protected":false},"author":7,"featured_media":0,"comment_status":"closed","ping_status":"closed","sticky":false,"template":"","format":"standard","meta":{"footnotes":""},"categories":[10],"tags":[],"class_list":["post-13258","post","type-post","status-publish","format-standard","hentry","category-hirek-aktualitasok"],"_links":{"self":[{"href":"https:\/\/www.salgotarjan.hu\/index.php?rest_route=\/wp\/v2\/posts\/13258","targetHints":{"allow":["GET"]}}],"collection":[{"href":"https:\/\/www.salgotarjan.hu\/index.php?rest_route=\/wp\/v2\/posts"}],"about":[{"href":"https:\/\/www.salgotarjan.hu\/index.php?rest_route=\/wp\/v2\/types\/post"}],"author":[{"embeddable":true,"href":"https:\/\/www.salgotarjan.hu\/index.php?rest_route=\/wp\/v2\/users\/7"}],"replies":[{"embeddable":true,"href":"https:\/\/www.salgotarjan.hu\/index.php?rest_route=%2Fwp%2Fv2%2Fcomments&post=13258"}],"version-history":[{"count":1,"href":"https:\/\/www.salgotarjan.hu\/index.php?rest_route=\/wp\/v2\/posts\/13258\/revisions"}],"predecessor-version":[{"id":13259,"href":"https:\/\/www.salgotarjan.hu\/index.php?rest_route=\/wp\/v2\/posts\/13258\/revisions\/13259"}],"wp:attachment":[{"href":"https:\/\/www.salgotarjan.hu\/index.php?rest_route=%2Fwp%2Fv2%2Fmedia&parent=13258"}],"wp:term":[{"taxonomy":"category","embeddable":true,"href":"https:\/\/www.salgotarjan.hu\/index.php?rest_route=%2Fwp%2Fv2%2Fcategories&post=13258"},{"taxonomy":"post_tag","embeddable":true,"href":"https:\/\/www.salgotarjan.hu\/index.php?rest_route=%2Fwp%2Fv2%2Ftags&post=13258"}],"curies":[{"name":"wp","href":"https:\/\/api.w.org\/{rel}","templated":true}]}}