{"id":13180,"date":"2022-05-20T10:20:00","date_gmt":"2022-05-20T08:20:00","guid":{"rendered":"https:\/\/www.salgotarjan.hu\/?p=13180"},"modified":"2022-05-26T10:21:43","modified_gmt":"2022-05-26T08:21:43","slug":"tajekoztato-21","status":"publish","type":"post","link":"https:\/\/www.salgotarjan.hu\/?p=13180","title":{"rendered":"T\u00e1j\u00e9koztat\u00f3"},"content":{"rendered":"\n<p>M\u00e1jus 20-\u00e1n agr\u00e1rgazdas\u00e1gi kamarai v\u00e1laszt\u00e1sok lesznek, amelyen sz\u00e1m\u00edtanak a gazd\u00e1lkod\u00f3k, \u0151stermel\u0151k, \u00e9lelmiszergazdas\u00e1gban dolgoz\u00f3k szavazat\u00e1ra. A Nemzeti Agr\u00e1rgazdas\u00e1gi Kamara 2013 tavasz\u00e1n j\u00f6tt l\u00e9tre , az az\u00f3ta eltelt \u00e9vek sor\u00e1n az agr\u00e1r- \u00e9s \u00e9lelmiszergazdas\u00e1gokat, valamint a vid\u00e9kfejleszt\u00e9st \u00e1tfog\u00f3, kiemelt, megker\u00fclhetetlen szervezett\u00e9 v\u00e1lt. A NAK a MAGOSSZAL \u00e9s annak 17 v\u00e1laszt\u00e1si sz\u00f6vets\u00e9ges\u00e9vel, vezet\u0151 szakmai szervezetekkel egy\u00fcttm\u0171k\u00f6dve k\u00f6z\u00f6sen k\u00e9pviseli az \u00e1gazat \u00e9rdekeit.<\/p>\n\n\n\n<p>Tov\u00e1bbi inform\u00e1ci\u00f3k a v\u00e1laszt\u00e1sokr\u00f3l:<a href=\"https:\/\/www.nak.hu\/kamara\/kamarai-valasztas-2022\" target=\"_blank\" rel=\"noreferrer noopener\"> https:\/\/www.nak.hu\/kamara\/kamarai-valasztas-2022<\/a><\/p>\n","protected":false},"excerpt":{"rendered":"<p>T\u00e1j\u00e9koztat\u00e1s agr\u00e1rkamarai v\u00e1laszt\u00e1sokr\u00f3l.<\/p>\n","protected":false},"author":7,"featured_media":0,"comment_status":"closed","ping_status":"closed","sticky":false,"template":"","format":"standard","meta":{"footnotes":""},"categories":[10],"tags":[],"class_list":["post-13180","post","type-post","status-publish","format-standard","hentry","category-hirek-aktualitasok"],"_links":{"self":[{"href":"https:\/\/www.salgotarjan.hu\/index.php?rest_route=\/wp\/v2\/posts\/13180","targetHints":{"allow":["GET"]}}],"collection":[{"href":"https:\/\/www.salgotarjan.hu\/index.php?rest_route=\/wp\/v2\/posts"}],"about":[{"href":"https:\/\/www.salgotarjan.hu\/index.php?rest_route=\/wp\/v2\/types\/post"}],"author":[{"embeddable":true,"href":"https:\/\/www.salgotarjan.hu\/index.php?rest_route=\/wp\/v2\/users\/7"}],"replies":[{"embeddable":true,"href":"https:\/\/www.salgotarjan.hu\/index.php?rest_route=%2Fwp%2Fv2%2Fcomments&post=13180"}],"version-history":[{"count":1,"href":"https:\/\/www.salgotarjan.hu\/index.php?rest_route=\/wp\/v2\/posts\/13180\/revisions"}],"predecessor-version":[{"id":13181,"href":"https:\/\/www.salgotarjan.hu\/index.php?rest_route=\/wp\/v2\/posts\/13180\/revisions\/13181"}],"wp:attachment":[{"href":"https:\/\/www.salgotarjan.hu\/index.php?rest_route=%2Fwp%2Fv2%2Fmedia&parent=13180"}],"wp:term":[{"taxonomy":"category","embeddable":true,"href":"https:\/\/www.salgotarjan.hu\/index.php?rest_route=%2Fwp%2Fv2%2Fcategories&post=13180"},{"taxonomy":"post_tag","embeddable":true,"href":"https:\/\/www.salgotarjan.hu\/index.php?rest_route=%2Fwp%2Fv2%2Ftags&post=13180"}],"curies":[{"name":"wp","href":"https:\/\/api.w.org\/{rel}","templated":true}]}}