{"id":13172,"date":"2022-05-24T21:00:00","date_gmt":"2022-05-24T19:00:00","guid":{"rendered":"https:\/\/www.salgotarjan.hu\/?p=13172"},"modified":"2022-05-25T15:24:15","modified_gmt":"2022-05-25T13:24:15","slug":"sajtokozlemeny-27","status":"publish","type":"post","link":"https:\/\/www.salgotarjan.hu\/?p=13172","title":{"rendered":"Sajt\u00f3k\u00f6zlem\u00e9ny"},"content":{"rendered":"<p>Salg\u00f3tarj\u00e1n v\u00e1ros hosszas t\u00e1rsadalmi egyeztet\u00e9sen megvitatott kl\u00edmastrat\u00e9gi\u00e1j\u00e1t ma k\u00e9t rendezv\u00e9nyen is bemutatt\u00e1k: az \u00f6nkorm\u00e1nyzati munkat\u00e1rsak \u00e9s a v\u00e1ros civil szervezeteinek k\u00e9pvisel\u0151i a kl\u00edmastrat\u00e9gia megval\u00f3s\u00edt\u00e1si lehet\u0151s\u00e9geir\u0151l egyeztettek a szak\u00e9rt\u0151kkel.<\/p>\n<p>Mint ismeretes, a Sz\u00e9chenyi 2020 program keret\u00e9ben Salg\u00f3tarj\u00e1n Megyei Jog\u00fa V\u00e1ros \u00d6nkorm\u00e1nyzata 20 milli\u00f3 forint vissza nem t\u00e9r\u00edtend\u0151 eur\u00f3pai uni\u00f3s t\u00e1mogat\u00e1sb\u00f3l val\u00f3s\u00edtja meg a KEHOP-1.2.1-18-2019-00240 azonos\u00edt\u00f3sz\u00e1m\u00fa, \u201eSalg\u00f3tarj\u00e1n Megyei Jog\u00fa V\u00e1ros helyi kl\u00edmastrat\u00e9gi\u00e1ja\u201d projektj\u00e9t. A p\u00e1ly\u00e1zat keret\u00e9ben elk\u00e9sz\u00fclt \u00e9s a K\u00e9pvisel\u0151test\u00fclet el\u00e9 terjesztend\u0151 kl\u00edmastrat\u00e9giai dokumentumot, valamint int\u00e9zked\u00e9si tervet mutatt\u00e1k ma be a szak\u00e9rt\u0151k az \u00f6nkorm\u00e1nyzat munkat\u00e1rsai, a v\u00e1rost k\u00e9pvisel\u0151 civil szervezetek, \u00e9s a lakoss\u00e1g sz\u00e1m\u00e1ra.<\/p>\n<p>Az \u00d6nkorm\u00e1nyzat D\u00edszterm\u00e9ben \u00e9s a Megyei K\u00f6nyvt\u00e1rban megtartott rendezv\u00e9nyeken a strat\u00e9gi\u00e1t kidolgoz\u00f3 szak\u00e9rt\u0151k r\u00e9szletesen ismertett\u00e9k a strat\u00e9gia fejezeteit, besz\u00e1moltak a projekt r\u00e9szleteir\u0151l, felsorolva az eddigi esem\u00e9nyeket \u00e9s az el\u00e9rt eredm\u00e9nyeket. A t\u00e1rsadalmi egyeztet\u00e9s sor\u00e1n a lakoss\u00e1g r\u00e9sz\u00e9r\u0151l \u00e9rkez\u0151 javaslatok is be\u00e9p\u00edt\u00e9sre ker\u00fcltek a v\u00e9gs\u0151, K\u00f6zgy\u0171l\u00e9s el\u00e9 terjesztend\u0151 v\u00e1ltozatba. A konferenci\u00e1kon a helyi kl\u00edmastrat\u00e9gia megval\u00f3s\u00edt\u00e1si lehet\u0151s\u00e9gei ker\u00fcltek elemz\u00e9sre. F\u0151k\u00e9nt az adapt\u00e1ci\u00f3s \u00e9s mitig\u00e1ci\u00f3s c\u00e9lok, a szeml\u00e9letform\u00e1l\u00e1s \u00e9s a k\u00fcl\u00f6nb\u00f6z\u0151 t\u00e1rsadalmi csoportokkal val\u00f3 hat\u00e9kony kommunik\u00e1ci\u00f3 lehet\u0151s\u00e9geir\u0151l fejtett\u00e9k ki v\u00e9lem\u00e9ny\u00fcket a r\u00e9sztvev\u0151k.<\/p>\n<p>2022. j\u00fanius 7-\u00e9n, a Belv\u00e1rosi N\u0151klubban hasonl\u00f3 t\u00e9m\u00e1ban \u00fajabb konferenci\u00e1ra ker\u00fcl majd sor.<\/p>\n<p>A projektr\u0151l b\u0151vebb inform\u00e1ci\u00f3t a www.salgotarjan.hu oldalon olvashatnak.<\/p>\n","protected":false},"excerpt":{"rendered":"<p>Egyeztet\u00e9s a helyi kl\u00edmastrat\u00e9gia megval\u00f3s\u00edt\u00e1s\u00e1r\u00f3l.<\/p>\n","protected":false},"author":7,"featured_media":0,"comment_status":"closed","ping_status":"closed","sticky":false,"template":"","format":"standard","meta":{"footnotes":""},"categories":[10],"tags":[],"class_list":["post-13172","post","type-post","status-publish","format-standard","hentry","category-hirek-aktualitasok"],"_links":{"self":[{"href":"https:\/\/www.salgotarjan.hu\/index.php?rest_route=\/wp\/v2\/posts\/13172","targetHints":{"allow":["GET"]}}],"collection":[{"href":"https:\/\/www.salgotarjan.hu\/index.php?rest_route=\/wp\/v2\/posts"}],"about":[{"href":"https:\/\/www.salgotarjan.hu\/index.php?rest_route=\/wp\/v2\/types\/post"}],"author":[{"embeddable":true,"href":"https:\/\/www.salgotarjan.hu\/index.php?rest_route=\/wp\/v2\/users\/7"}],"replies":[{"embeddable":true,"href":"https:\/\/www.salgotarjan.hu\/index.php?rest_route=%2Fwp%2Fv2%2Fcomments&post=13172"}],"version-history":[{"count":1,"href":"https:\/\/www.salgotarjan.hu\/index.php?rest_route=\/wp\/v2\/posts\/13172\/revisions"}],"predecessor-version":[{"id":13173,"href":"https:\/\/www.salgotarjan.hu\/index.php?rest_route=\/wp\/v2\/posts\/13172\/revisions\/13173"}],"wp:attachment":[{"href":"https:\/\/www.salgotarjan.hu\/index.php?rest_route=%2Fwp%2Fv2%2Fmedia&parent=13172"}],"wp:term":[{"taxonomy":"category","embeddable":true,"href":"https:\/\/www.salgotarjan.hu\/index.php?rest_route=%2Fwp%2Fv2%2Fcategories&post=13172"},{"taxonomy":"post_tag","embeddable":true,"href":"https:\/\/www.salgotarjan.hu\/index.php?rest_route=%2Fwp%2Fv2%2Ftags&post=13172"}],"curies":[{"name":"wp","href":"https:\/\/api.w.org\/{rel}","templated":true}]}}