{"id":13127,"date":"2022-05-17T11:49:47","date_gmt":"2022-05-17T09:49:47","guid":{"rendered":"https:\/\/www.salgotarjan.hu\/?p=13127"},"modified":"2022-05-17T11:49:49","modified_gmt":"2022-05-17T09:49:49","slug":"felhivas-15","status":"publish","type":"post","link":"https:\/\/www.salgotarjan.hu\/?p=13127","title":{"rendered":"Felh\u00edv\u00e1s"},"content":{"rendered":"\n<p><strong>Tisztelt V\u00e1roslak\u00f3k!<\/strong><\/p>\n\n\n\n<p>Salg\u00f3tarj\u00e1n Megyei Jog\u00fa V\u00e1ros \u00d6nkorm\u00e1nyzata K\u00f6zgy\u0171l\u00e9s\u00e9nek 101\/2021.(VI.14.) hat\u00e1rozata alapj\u00e1n elj\u00e1r\u00e1st ind\u00edtott az Integr\u00e1lt Telep\u00fcl\u00e9sfejleszt\u00e9si Strat\u00e9gia (tov\u00e1bbiakban: ITS) fel\u00fclvizsg\u00e1lat\u00e1ra. Az ITS-t Salg\u00f3tarj\u00e1n Megyei Jog\u00fa V\u00e1ros \u00d6nkorm\u00e1nyzat\u00e1nak K\u00f6zgy\u0171l\u00e9se a 141\/2014. (IX.11.) hat\u00e1rozat\u00e1val fogadta el. 2017. \u00e9s 2018. \u00e9vben tov\u00e1bbi m\u00f3dos\u00edt\u00e1sok ker\u00fcltek \u00e1tvezet\u00e9sre az ITS-ben.<br>Az ITS fel\u00fclvizsg\u00e1lat egyeztet\u00e9se elj\u00e1r\u00e1si szab\u00e1lyait a telep\u00fcl\u00e9sfejleszt\u00e9si koncepci\u00f3r\u00f3l, az integr\u00e1lt telep\u00fcl\u00e9sfejleszt\u00e9si strat\u00e9gi\u00e1r\u00f3l \u00e9s a telep\u00fcl\u00e9srendez\u00e9si eszk\u00f6z\u00f6kr\u0151l, valamint egyes telep\u00fcl\u00e9srendez\u00e9si saj\u00e1tos jogint\u00e9zm\u00e9nyekr\u0151l sz\u00f3l\u00f3 314\/2012. (XI. 8.) Korm. rendelet (a tov\u00e1bbiakban: Eljr.) 28-30. \u00a7-ai hat\u00e1rozz\u00e1k meg.<br>Mind az ITS fel\u00fclvizsg\u00e1lat\u00e1nak lebonyol\u00edt\u00e1sa, mind az abban foglalt beruh\u00e1z\u00e1sok k\u00e9s\u0151bbi tervez\u00e9se \u00e9s v\u00e9grehajt\u00e1sa sor\u00e1n elv\u00e1r\u00e1s a partners\u00e9g, valamennyi, a telep\u00fcl\u00e9sen \u00e9rdekelt gazdas\u00e1gi, t\u00e1rsadalmi szervezet, k\u00f6zigazgat\u00e1si szerv r\u00e9szv\u00e9tel\u00e9nek biztos\u00edt\u00e1sa.<\/p>\n\n\n\n<p>\u00d6nkorm\u00e1nyzatunk az ITS fel\u00fclvizsg\u00e1lat\u00e1t elv\u00e9gezte, a bek\u00f6vetkez\u0151 v\u00e1ltoz\u00e1sokat \u00e1tvezette, a dokumentumot aktualiz\u00e1lta. A v\u00e1ros m\u00f3dos\u00edtott ITS-e az elm\u00falt \u00e9vben lezajlott Fenntarthat\u00f3 V\u00e1rosfejleszt\u00e9si Strat\u00e9gia szakmai alapjain nyugszik.<\/p>\n\n\n\n<p>A fel\u00fclvizsg\u00e1lt ITS tervezet\u00e9r\u0151l \u00e9rtes\u00fclnek az Eljr. 9. mell\u00e9klet\u00e9ben felsorolt \u00e1llamigazgat\u00e1si szervek, a Partners\u00e9gi egyeztet\u00e9sn\u00e9l felsorolt \u00e9rintett \u00f6nkorm\u00e1nyzatok \u00e9s tov\u00e1bbi szerepl\u0151k. Emellett k\u00e9rj\u00fck a lakoss\u00e1g \u00e9s a hivatalosan k\u00fcl\u00f6n fel nem k\u00e9rt civil \u00e9s gazdas\u00e1gi szerepl\u0151k v\u00e9lem\u00e9nyez\u00e9s\u00e9t is.<br>Javaslataikat a polg\u00e1rmesternek c\u00edmezve pap\u00edr alapon az \u00d6nkorm\u00e1nyzat c\u00edm\u00e9re (3100 Salg\u00f3tarj\u00e1n, M\u00fazeum t\u00e9r 1.) vagy emailen az <a href=\"mailto:fvs@salgotarjan.hu\">fvs@salgotarjan.hu<\/a> emailc\u00edmre k\u00fcldhetik el 2022. j\u00fanius 01-ig.<\/p>\n\n\n\n<p><a href=\"https:\/\/www.salgotarjan.hu\/wp-content\/uploads\/fejlesztesidokumentumok_20220511_salgotarjan_megyei_jogu_varos_fejlesztesi_strategia.pdf\" target=\"_blank\" rel=\"noreferrer noopener\">Kapcsol\u00f3d\u00f3 dokumentum megnyit\u00e1sa<\/a> (pdf)<\/p>\n\n\n\n<p><em>K\u00f6zrem\u0171k\u00f6d\u00e9s\u00fcket k\u00f6sz\u00f6nj\u00fck!<\/em><\/p>\n","protected":false},"excerpt":{"rendered":"<p>Felh\u00edv\u00e1s az Integr\u00e1lt Telep\u00fcl\u00e9sfejleszt\u00e9si Strat\u00e9gia lakoss\u00e1gi v\u00e9lem\u00e9nyez\u00e9s\u00e9re.<\/p>\n","protected":false},"author":7,"featured_media":0,"comment_status":"closed","ping_status":"closed","sticky":false,"template":"","format":"standard","meta":{"footnotes":""},"categories":[10],"tags":[],"class_list":["post-13127","post","type-post","status-publish","format-standard","hentry","category-hirek-aktualitasok"],"_links":{"self":[{"href":"https:\/\/www.salgotarjan.hu\/index.php?rest_route=\/wp\/v2\/posts\/13127","targetHints":{"allow":["GET"]}}],"collection":[{"href":"https:\/\/www.salgotarjan.hu\/index.php?rest_route=\/wp\/v2\/posts"}],"about":[{"href":"https:\/\/www.salgotarjan.hu\/index.php?rest_route=\/wp\/v2\/types\/post"}],"author":[{"embeddable":true,"href":"https:\/\/www.salgotarjan.hu\/index.php?rest_route=\/wp\/v2\/users\/7"}],"replies":[{"embeddable":true,"href":"https:\/\/www.salgotarjan.hu\/index.php?rest_route=%2Fwp%2Fv2%2Fcomments&post=13127"}],"version-history":[{"count":1,"href":"https:\/\/www.salgotarjan.hu\/index.php?rest_route=\/wp\/v2\/posts\/13127\/revisions"}],"predecessor-version":[{"id":13128,"href":"https:\/\/www.salgotarjan.hu\/index.php?rest_route=\/wp\/v2\/posts\/13127\/revisions\/13128"}],"wp:attachment":[{"href":"https:\/\/www.salgotarjan.hu\/index.php?rest_route=%2Fwp%2Fv2%2Fmedia&parent=13127"}],"wp:term":[{"taxonomy":"category","embeddable":true,"href":"https:\/\/www.salgotarjan.hu\/index.php?rest_route=%2Fwp%2Fv2%2Fcategories&post=13127"},{"taxonomy":"post_tag","embeddable":true,"href":"https:\/\/www.salgotarjan.hu\/index.php?rest_route=%2Fwp%2Fv2%2Ftags&post=13127"}],"curies":[{"name":"wp","href":"https:\/\/api.w.org\/{rel}","templated":true}]}}