{"id":12230,"date":"2021-09-20T16:45:30","date_gmt":"2021-09-20T14:45:30","guid":{"rendered":"https:\/\/www.salgotarjan.hu\/?p=12230"},"modified":"2021-09-20T16:45:31","modified_gmt":"2021-09-20T14:45:31","slug":"sajtokozlemeny-23","status":"publish","type":"post","link":"https:\/\/www.salgotarjan.hu\/?p=12230","title":{"rendered":"Sajt\u00f3k\u00f6zlem\u00e9ny"},"content":{"rendered":"\n<p>A salg\u00f3tarj\u00e1ni Csal\u00e1di Mozg\u00e1sfesztiv\u00e1l l\u00e1togat\u00f3i is megismerhett\u00e9k \u00e9s kifejthett\u00e9k v\u00e9lem\u00e9ny\u00fcket a v\u00e1rosi kl\u00edmastrat\u00e9giai dokumentum \u00e9s int\u00e9zked\u00e9si terv szak\u00e9rt\u0151i v\u00e1ltozat\u00e1val kapcsolatban a rendezv\u00e9nyen fel\u00e1ll\u00edtott KL\u00cdMA-PONT-on. A kl\u00edmastrat\u00e9gia kidolgoz\u00e1s\u00e1val p\u00e1rhuzamosan zajl\u00f3, a kl\u00edmatudatoss\u00e1got er\u0151s\u00edt\u0151 szeml\u00e9letform\u00e1l\u00f3 rendezv\u00e9nyek sor\u00e1ban, ezen az esem\u00e9nyen is szak\u00e9rt\u0151k v\u00e1rt\u00e1k a KL\u00cdMA-PONT-on az \u00e9rdekl\u0151d\u0151ket, akik a kl\u00edmav\u00e9delem helyi kih\u00edv\u00e1saival \u00e9s lehet\u0151s\u00e9geivel is megismerkedhettek.<\/p>\n\n\n\n<p>A teljes sajt\u00f3k\u00f6zlem\u00e9ny let\u00f6lt\u00e9s\u00e9hez <a href=\"https:\/\/www.salgotarjan.hu\/wp-content\/uploads\/20210920_klima_mozgasfesztival.pdf\" target=\"_blank\" rel=\"noreferrer noopener\">kattintson ide<\/a> (pdf).<\/p>\n","protected":false},"excerpt":{"rendered":"<p>Kl\u00edmatudatoss\u00e1g a Csal\u00e1di Mozg\u00e1sfesztiv\u00e1lon.<\/p>\n","protected":false},"author":7,"featured_media":0,"comment_status":"closed","ping_status":"closed","sticky":false,"template":"","format":"standard","meta":{"footnotes":""},"categories":[10],"tags":[],"class_list":["post-12230","post","type-post","status-publish","format-standard","hentry","category-hirek-aktualitasok"],"_links":{"self":[{"href":"https:\/\/www.salgotarjan.hu\/index.php?rest_route=\/wp\/v2\/posts\/12230","targetHints":{"allow":["GET"]}}],"collection":[{"href":"https:\/\/www.salgotarjan.hu\/index.php?rest_route=\/wp\/v2\/posts"}],"about":[{"href":"https:\/\/www.salgotarjan.hu\/index.php?rest_route=\/wp\/v2\/types\/post"}],"author":[{"embeddable":true,"href":"https:\/\/www.salgotarjan.hu\/index.php?rest_route=\/wp\/v2\/users\/7"}],"replies":[{"embeddable":true,"href":"https:\/\/www.salgotarjan.hu\/index.php?rest_route=%2Fwp%2Fv2%2Fcomments&post=12230"}],"version-history":[{"count":1,"href":"https:\/\/www.salgotarjan.hu\/index.php?rest_route=\/wp\/v2\/posts\/12230\/revisions"}],"predecessor-version":[{"id":12232,"href":"https:\/\/www.salgotarjan.hu\/index.php?rest_route=\/wp\/v2\/posts\/12230\/revisions\/12232"}],"wp:attachment":[{"href":"https:\/\/www.salgotarjan.hu\/index.php?rest_route=%2Fwp%2Fv2%2Fmedia&parent=12230"}],"wp:term":[{"taxonomy":"category","embeddable":true,"href":"https:\/\/www.salgotarjan.hu\/index.php?rest_route=%2Fwp%2Fv2%2Fcategories&post=12230"},{"taxonomy":"post_tag","embeddable":true,"href":"https:\/\/www.salgotarjan.hu\/index.php?rest_route=%2Fwp%2Fv2%2Ftags&post=12230"}],"curies":[{"name":"wp","href":"https:\/\/api.w.org\/{rel}","templated":true}]}}