{"id":12119,"date":"2021-08-12T17:24:36","date_gmt":"2021-08-12T15:24:36","guid":{"rendered":"https:\/\/www.salgotarjan.hu\/?p=12119"},"modified":"2021-08-12T17:25:35","modified_gmt":"2021-08-12T15:25:35","slug":"hirdetmeny-31","status":"publish","type":"post","link":"https:\/\/www.salgotarjan.hu\/?p=12119","title":{"rendered":"Hirdetm\u00e9ny"},"content":{"rendered":"\n<p><strong>HIRDETM\u00c9NY<br>a telep\u00fcl\u00e9srendez\u00e9si eszk\u00f6z \u00e9s Integr\u00e1lt telep\u00fcl\u00e9sfejleszt\u00e9si strat\u00e9gia m\u00f3dos\u00edt\u00e1sa t\u00e1rgy\u00e1ban<\/strong><\/p>\n\n\n\n<p>Salg\u00f3tarj\u00e1n Megyei Jog\u00fa V\u00e1ros \u00d6nkorm\u00e1nyzata lakoss\u00e1gi f\u00f3rumot tart<br><strong>2021. augusztus 23-\u00e9n h\u00e9tf\u0151 16,00 \u00f3r\u00e1t\u00f3l<\/strong><br>a V\u00e1rosh\u00e1za 1. emeleti Dr. F\u00f6rster K\u00e1lm\u00e1n term\u00e9ben<\/p>\n\n\n\n<p>T\u00e9m\u00e1i:<br>Telep\u00fcl\u00e9srendez\u00e9si eszk\u00f6z\u00f6k tervezett m\u00f3dos\u00edt\u00e1sa a Park \u00fat 3-9. ter\u00fclet\u00e9t \u00e9rint\u0151en,<br>valamint a k\u00e9sz\u00fcl\u0151 ITS m\u00f3dos\u00edt\u00e1s<\/p>\n\n\n\n<p><strong>Angyaln\u00e9 Wilwerger J\u00f3zsa<br><\/strong><em>v\u00e1rosi f\u0151\u00e9p\u00edt\u00e9sz<\/em><\/p>\n\n\n\n<p>Kapcsol\u00f3d\u00f3 dokumentumok az \u00d6nkorm\u00e1nyzat-><a href=\"https:\/\/www.salgotarjan.hu\/?page_id=2584\">T\u00e1rsadalmi egyeztet\u00e9s<\/a> oldalon.<\/p>\n","protected":false},"excerpt":{"rendered":"<p>Telep\u00fcl\u00e9srendez\u00e9si eszk\u00f6z \u00e9s Integr\u00e1lt telep\u00fcl\u00e9sfejleszt\u00e9si strat\u00e9gia t\u00e9m\u00e1khoz kapcsol\u00f3d\u00f3 lakoss\u00e1gi f\u00f3rumot tart az \u00f6nkorm\u00e1nyzat.<\/p>\n","protected":false},"author":7,"featured_media":0,"comment_status":"closed","ping_status":"closed","sticky":false,"template":"","format":"standard","meta":{"footnotes":""},"categories":[10],"tags":[],"class_list":["post-12119","post","type-post","status-publish","format-standard","hentry","category-hirek-aktualitasok"],"_links":{"self":[{"href":"https:\/\/www.salgotarjan.hu\/index.php?rest_route=\/wp\/v2\/posts\/12119","targetHints":{"allow":["GET"]}}],"collection":[{"href":"https:\/\/www.salgotarjan.hu\/index.php?rest_route=\/wp\/v2\/posts"}],"about":[{"href":"https:\/\/www.salgotarjan.hu\/index.php?rest_route=\/wp\/v2\/types\/post"}],"author":[{"embeddable":true,"href":"https:\/\/www.salgotarjan.hu\/index.php?rest_route=\/wp\/v2\/users\/7"}],"replies":[{"embeddable":true,"href":"https:\/\/www.salgotarjan.hu\/index.php?rest_route=%2Fwp%2Fv2%2Fcomments&post=12119"}],"version-history":[{"count":1,"href":"https:\/\/www.salgotarjan.hu\/index.php?rest_route=\/wp\/v2\/posts\/12119\/revisions"}],"predecessor-version":[{"id":12121,"href":"https:\/\/www.salgotarjan.hu\/index.php?rest_route=\/wp\/v2\/posts\/12119\/revisions\/12121"}],"wp:attachment":[{"href":"https:\/\/www.salgotarjan.hu\/index.php?rest_route=%2Fwp%2Fv2%2Fmedia&parent=12119"}],"wp:term":[{"taxonomy":"category","embeddable":true,"href":"https:\/\/www.salgotarjan.hu\/index.php?rest_route=%2Fwp%2Fv2%2Fcategories&post=12119"},{"taxonomy":"post_tag","embeddable":true,"href":"https:\/\/www.salgotarjan.hu\/index.php?rest_route=%2Fwp%2Fv2%2Ftags&post=12119"}],"curies":[{"name":"wp","href":"https:\/\/api.w.org\/{rel}","templated":true}]}}