{"id":12116,"date":"2021-08-09T14:54:15","date_gmt":"2021-08-09T12:54:15","guid":{"rendered":"https:\/\/www.salgotarjan.hu\/?p=12116"},"modified":"2021-08-09T14:54:16","modified_gmt":"2021-08-09T12:54:16","slug":"tajekoztato-15","status":"publish","type":"post","link":"https:\/\/www.salgotarjan.hu\/?p=12116","title":{"rendered":"T\u00e1j\u00e9koztat\u00f3"},"content":{"rendered":"\n<p>Az NHKV Nemzeti Hullad\u00e9kgazd\u00e1lkod\u00e1si Koordin\u00e1l\u00f3 \u00e9s Vagyonkezel\u0151 Zrt. (a tov\u00e1bbiakban: NHKV Zrt.) 2021. m\u00e1just\u00f3l jelent\u0151sen b\u0151v\u00edtette a hullad\u00e9kgazd\u00e1lkod\u00e1si k\u00f6zszolg\u00e1ltat\u00e1ssal kapcsolatban el\u00e9rhet\u0151 \u00fcgyf\u00e9lszolg\u00e1lati irod\u00e1k k\u00f6r\u00e9t, \u00edgy a lakoss\u00e1g sz\u00e1m\u00e1ra Salg\u00f3tarj\u00e1nban is k\u00f6zvetlen\u00fcl el\u00e9rhet\u0151 \u00fcgyf\u00e9lpontot nyitott meg.<br>Az NHKV Zrt. a D\u00edjbeszed\u0151 Holding Zrt.-vel, a Magyar Posta Zrt.-vel, valamint az MVM \u00dcgyf\u00e9lkapcsolati Kft.-vel k\u00f6z\u00f6sen v\u00e9gzi az egyes \u00fcgyf\u00e9lszolg\u00e1lati, sz\u00e1ml\u00e1z\u00e1sii, valamint a d\u00edjh\u00e1tral\u00e9kok beszed\u00e9s\u00e9vel kapcsolatos feladatokat. A szem\u00e9lyesen el\u00e9rhet\u0151 \u00fcgyf\u00e9lpontokat az NHKV Zrt.-vel k\u00f6z\u00f6sen a Magyar Posta Zrt. \u00e9s az MVM \u00dcgyf\u00e9lkapcsolati Kft. biztos\u00edtja az \u00fcgyfeleknek \u00f6sszesen 178 telep\u00fcl\u00e9sen.<\/p>\n\n\n\n<p>Az \u00faj \u00fcgyf\u00e9lpontokon az NHKV Zrt. megb\u00edz\u00e1s\u00e1b\u00f3l els\u0151sorban a hullad\u00e9kgazd\u00e1lkod\u00e1si k\u00f6zszolg\u00e1ltat\u00e1si sz\u00e1ml\u00e1z\u00e1ssal, p\u00e9nz\u00fcgyi rendez\u00e9ssel \u00e9s d\u00edjh\u00e1tral\u00e9k behajt\u00e1s\u00e1val kapcsolatos \u00fcgyek int\u00e9z\u00e9s\u00e9re van m\u00f3d. Term\u00e9szetesen a hullad\u00e9ksz\u00e1ll\u00edt\u00e1ssal (szerz\u0151d\u00e9sk\u00f6t\u00e9ssel, -m\u00f3dos\u00edt\u00e1ssal, -megsz\u00fcntet\u00e9ssel), illetve az egy\u00e9b technikai jelleg\u0171 k\u00e9rd\u00e9sekkel kapcsolatos \u00fcgyf\u00e9lszolg\u00e1lati \u00fcgyint\u00e9z\u00e9s a megszokott m\u00f3don, a k\u00f6zszolg\u00e1ltat\u00f3n kereszt\u00fcl tov\u00e1bbra is biztos\u00edtott.<\/p>\n\n\n\n<p>Az NHKV Zrt. az orsz\u00e1gosan el\u00e9rhet\u0151 \u00fcgyf\u00e9lszolg\u00e1lati h\u00e1l\u00f3zat r\u00e9v\u00e9n magasabb szint\u0171 fogyaszt\u00f3i el\u00e9gedetts\u00e9get szeretne el\u00e9rni a bejelent\u00e9sek, panaszok szem\u00e9lyes int\u00e9z\u00e9se, valamint a hullad\u00e9kgazd\u00e1lkod\u00e1si k\u00f6zszolg\u00e1ltat\u00e1ssal kapcsolatos \u00e1ltal\u00e1nos t\u00e1j\u00e9koztat\u00e1sny\u00fajt\u00e1s ter\u00fclet\u00e9n.<\/p>\n\n\n\n<p>Az \u00fcgyf\u00e9lszolg\u00e1lat c\u00edme \u00e9s nyitvatart\u00e1sa munkanapokon Salg\u00f3tarj\u00e1nban:<br><strong>MVM \u00dcgyf\u00e9lszolg\u00e1lat, Kassai sor 14.<\/strong><\/p>\n\n\n\n<p>H\u00e9tf\u0151 08:00-14:00<br>Kedd 08:00-14:00<br>Szerda 08:00-20:00<br>Cs\u00fct\u00f6rt\u00f6k 08:00-14:00<br>P\u00e9ntek 08:00-14:00<\/p>\n","protected":false},"excerpt":{"rendered":"<p>A lakoss\u00e1g sz\u00e1m\u00e1ra Salg\u00f3tarj\u00e1nban is k\u00f6zvetlen\u00fcl el\u00e9rhet\u0151 \u00fcgyf\u00e9lpontot nyitott a Nemzeti Hullad\u00e9kgazd\u00e1lkod\u00e1si Koordin\u00e1l\u00f3 \u00e9s Vagyonkezel\u0151 Zrt.<\/p>\n","protected":false},"author":7,"featured_media":0,"comment_status":"closed","ping_status":"closed","sticky":false,"template":"","format":"standard","meta":{"footnotes":""},"categories":[10],"tags":[],"class_list":["post-12116","post","type-post","status-publish","format-standard","hentry","category-hirek-aktualitasok"],"_links":{"self":[{"href":"https:\/\/www.salgotarjan.hu\/index.php?rest_route=\/wp\/v2\/posts\/12116","targetHints":{"allow":["GET"]}}],"collection":[{"href":"https:\/\/www.salgotarjan.hu\/index.php?rest_route=\/wp\/v2\/posts"}],"about":[{"href":"https:\/\/www.salgotarjan.hu\/index.php?rest_route=\/wp\/v2\/types\/post"}],"author":[{"embeddable":true,"href":"https:\/\/www.salgotarjan.hu\/index.php?rest_route=\/wp\/v2\/users\/7"}],"replies":[{"embeddable":true,"href":"https:\/\/www.salgotarjan.hu\/index.php?rest_route=%2Fwp%2Fv2%2Fcomments&post=12116"}],"version-history":[{"count":1,"href":"https:\/\/www.salgotarjan.hu\/index.php?rest_route=\/wp\/v2\/posts\/12116\/revisions"}],"predecessor-version":[{"id":12117,"href":"https:\/\/www.salgotarjan.hu\/index.php?rest_route=\/wp\/v2\/posts\/12116\/revisions\/12117"}],"wp:attachment":[{"href":"https:\/\/www.salgotarjan.hu\/index.php?rest_route=%2Fwp%2Fv2%2Fmedia&parent=12116"}],"wp:term":[{"taxonomy":"category","embeddable":true,"href":"https:\/\/www.salgotarjan.hu\/index.php?rest_route=%2Fwp%2Fv2%2Fcategories&post=12116"},{"taxonomy":"post_tag","embeddable":true,"href":"https:\/\/www.salgotarjan.hu\/index.php?rest_route=%2Fwp%2Fv2%2Ftags&post=12116"}],"curies":[{"name":"wp","href":"https:\/\/api.w.org\/{rel}","templated":true}]}}