{"id":11994,"date":"2021-06-28T08:00:00","date_gmt":"2021-06-28T06:00:00","guid":{"rendered":"https:\/\/www.salgotarjan.hu\/?p=11994"},"modified":"2021-10-26T10:35:14","modified_gmt":"2021-10-26T08:35:14","slug":"varosfejlesztesi-kerdoivek","status":"publish","type":"post","link":"https:\/\/www.salgotarjan.hu\/?p=11994","title":{"rendered":"V\u00e1rosfejleszt\u00e9si k\u00e9rd\u0151\u00edvek"},"content":{"rendered":"\n<p><strong>Tisztelt V\u00e1roslak\u00f3k!<\/strong><\/p>\n\n\n\n<p>Felk\u00e9r\u00fcnk minden salg\u00f3tarj\u00e1ni lakost \u00e9s szervezetet, amennyiben teheti, j\u00e1ruljon hozz\u00e1 Salg\u00f3tarj\u00e1n v\u00e1rosfejleszt\u00e9si dokumentumainak kidolgoz\u00e1s\u00e1hoz. Az Integr\u00e1lt Telep\u00fcl\u00e9sfejleszt\u00e9si Strat\u00e9gia egy r\u00e9szletes, k\u00f6z\u00e9pt\u00e1v\u00fa fejleszt\u00e9si program, amely tartalmazza a v\u00e1ros c\u00e9lkit\u0171z\u00e9seit, \u00e9s meghat\u00e1rozza az egyes v\u00e1rosr\u00e9szeken bel\u00fcl fejlesztend\u0151 ter\u00fcleteket is. Ennek fel\u00fclvizsg\u00e1lata indult el a napokban, a folyamat v\u00e1rhat\u00f3an az \u00e9v v\u00e9g\u00e9ig tart. Fontosnak tartjuk a v\u00e9lem\u00e9ny\u00fcket, \u00edgy ossz\u00e1k meg vel\u00fcnk azon javaslataikat is, melyek \u00d6n\u00f6k szerint a v\u00e1ros fejl\u0151d\u00e9s\u00e9t szolg\u00e1ln\u00e1k, melyekre \u00d6n\u00f6k szerint a legnagyobb sz\u00fcks\u00e9g lenne.<\/p>\n\n\n\n<p>A honlapon okt\u00f3ber 6-ig lesz el\u00e9rhet\u0151 a k\u00e9t k\u00e9rd\u0151\u00edv, amelynek seg\u00edts\u00e9g\u00e9vel elmondhatja v\u00e9lem\u00e9ny\u00e9t \u00e9s javaslatait.<\/p>\n\n\n\n<p><em>A kit\u00f6lt\u00e9st el\u0151re is k\u00f6sz\u00f6nj\u00fck!<\/em><\/p>\n\n\n\n<div class=\"wp-block-buttons is-layout-flex wp-block-buttons-is-layout-flex\">\n<div class=\"wp-block-button\"><a class=\"wp-block-button__link\" href=\"https:\/\/docs.google.com\/forms\/d\/e\/1FAIpQLSfO3z4KeFrdVbsoo1VXYI1ampJyucpYdWoHF70mAblGh--q_w\/viewform\" target=\"_blank\" rel=\"noreferrer noopener\">V\u00e1rosfejleszt\u00e9si k\u00e9rd\u0151\u00edv<\/a><\/div>\n<\/div>\n\n\n\n<div class=\"wp-block-buttons is-layout-flex wp-block-buttons-is-layout-flex\">\n<div class=\"wp-block-button\"><a class=\"wp-block-button__link\" href=\"https:\/\/docs.google.com\/forms\/d\/e\/1FAIpQLSdnrnpvHdVjGAcXHvZxxnaFYyBj-u4Wjuyel3E3vAYS4bjiSw\/viewform\" target=\"_blank\" rel=\"noreferrer noopener\">Projektjavaslatok<\/a><\/div>\n<\/div>\n","protected":false},"excerpt":{"rendered":"<p>Tisztelt V\u00e1roslak\u00f3k! Felk\u00e9r\u00fcnk minden salg\u00f3tarj\u00e1ni lakost \u00e9s szervezetet, amennyiben teheti, j\u00e1ruljon hozz\u00e1 Salg\u00f3tarj\u00e1n v\u00e1rosfejleszt\u00e9si dokumentumainak kidolgoz\u00e1s\u00e1hoz. Az Integr\u00e1lt Telep\u00fcl\u00e9sfejleszt\u00e9si Strat\u00e9gia egy r\u00e9szletes, k\u00f6z\u00e9pt\u00e1v\u00fa fejleszt\u00e9si program, amely tartalmazza a v\u00e1ros c\u00e9lkit\u0171z\u00e9seit, \u00e9s meghat\u00e1rozza az egyes v\u00e1rosr\u00e9szeken bel\u00fcl fejlesztend\u0151 ter\u00fcleteket is. Ennek fel\u00fclvizsg\u00e1lata indult el a napokban, a folyamat v\u00e1rhat\u00f3an az \u00e9v v\u00e9g\u00e9ig tart. Fontosnak tartjuk a &#8230; <a title=\"V\u00e1rosfejleszt\u00e9si k\u00e9rd\u0151\u00edvek\" class=\"read-more\" href=\"https:\/\/www.salgotarjan.hu\/?p=11994\" aria-label=\"Read more about V\u00e1rosfejleszt\u00e9si k\u00e9rd\u0151\u00edvek\">Olvass tov\u00e1bb<\/a><\/p>\n","protected":false},"author":7,"featured_media":12248,"comment_status":"closed","ping_status":"closed","sticky":false,"template":"","format":"standard","meta":{"footnotes":""},"categories":[10],"tags":[],"class_list":["post-11994","post","type-post","status-publish","format-standard","has-post-thumbnail","hentry","category-hirek-aktualitasok"],"_links":{"self":[{"href":"https:\/\/www.salgotarjan.hu\/index.php?rest_route=\/wp\/v2\/posts\/11994","targetHints":{"allow":["GET"]}}],"collection":[{"href":"https:\/\/www.salgotarjan.hu\/index.php?rest_route=\/wp\/v2\/posts"}],"about":[{"href":"https:\/\/www.salgotarjan.hu\/index.php?rest_route=\/wp\/v2\/types\/post"}],"author":[{"embeddable":true,"href":"https:\/\/www.salgotarjan.hu\/index.php?rest_route=\/wp\/v2\/users\/7"}],"replies":[{"embeddable":true,"href":"https:\/\/www.salgotarjan.hu\/index.php?rest_route=%2Fwp%2Fv2%2Fcomments&post=11994"}],"version-history":[{"count":1,"href":"https:\/\/www.salgotarjan.hu\/index.php?rest_route=\/wp\/v2\/posts\/11994\/revisions"}],"predecessor-version":[{"id":12252,"href":"https:\/\/www.salgotarjan.hu\/index.php?rest_route=\/wp\/v2\/posts\/11994\/revisions\/12252"}],"wp:featuredmedia":[{"embeddable":true,"href":"https:\/\/www.salgotarjan.hu\/index.php?rest_route=\/wp\/v2\/media\/12248"}],"wp:attachment":[{"href":"https:\/\/www.salgotarjan.hu\/index.php?rest_route=%2Fwp%2Fv2%2Fmedia&parent=11994"}],"wp:term":[{"taxonomy":"category","embeddable":true,"href":"https:\/\/www.salgotarjan.hu\/index.php?rest_route=%2Fwp%2Fv2%2Fcategories&post=11994"},{"taxonomy":"post_tag","embeddable":true,"href":"https:\/\/www.salgotarjan.hu\/index.php?rest_route=%2Fwp%2Fv2%2Ftags&post=11994"}],"curies":[{"name":"wp","href":"https:\/\/api.w.org\/{rel}","templated":true}]}}