{"id":11970,"date":"2021-06-15T14:49:10","date_gmt":"2021-06-15T12:49:10","guid":{"rendered":"https:\/\/www.salgotarjan.hu\/?p=11970"},"modified":"2021-10-22T15:58:59","modified_gmt":"2021-10-22T13:58:59","slug":"2021-evi-ebosszeiras","status":"publish","type":"post","link":"https:\/\/www.salgotarjan.hu\/?p=11970","title":{"rendered":"2021. \u00e9vi eb\u00f6ssze\u00edr\u00e1s"},"content":{"rendered":"\n<p><strong>Tisztelt salg\u00f3tarj\u00e1ni Ebtart\u00f3k!<\/strong><\/p>\n\n\n\n<p>Salg\u00f3tarj\u00e1n Megyei Jog\u00fa V\u00e1ros \u00d6nkorm\u00e1nyzata \u2013 jogszab\u00e1lyi k\u00f6telezetts\u00e9g\u00e9nek eleget t\u00e9ve \u2013 Salg\u00f3tarj\u00e1n k\u00f6zigazgat\u00e1si ter\u00fclet\u00e9n eb\u00f6ssze\u00edr\u00e1st v\u00e9gez. Az eb\u00f6ssze\u00edr\u00e1s sor\u00e1n az ebtart\u00f3k 2021. augusztus 31-ig voltak k\u00f6telesek a Salg\u00f3tarj\u00e1nban tartott ebekr\u0151l adatokat szolg\u00e1ltatni \u00e9s azokat az \u00f6nkorm\u00e1nyzat rendelkez\u00e9s\u00e9re bocs\u00e1tani.<\/p>\n\n\n\n<p><strong>Az adatszolg\u00e1ltat\u00e1si k\u00f6telezetts\u00e9g teljes\u00edt\u00e9s\u00e9nek ellen\u0151rz\u00e9s\u00e9t a Polg\u00e1rmesteri Hivatal munkat\u00e1rsai megkezdt\u00e9k!<\/strong><\/p>\n\n\n\n<p>Azon ebtart\u00f3k akik a k\u00f6telez\u0151 adatszolg\u00e1ltat\u00e1st m\u00e9g nem teljes\u00edtett\u00e9k, azt<\/p>\n\n\n\n<p><strong>2021 okt\u00f3ber 15-ig p\u00f3tolhatj\u00e1k.<\/strong><\/p>\n\n\n\n<p>Az adatszolg\u00e1ltat\u00e1s teljes\u00edthet\u0151:<\/p>\n\n\n\n<p>1.\/ elektronikusan, az \u00f6nkorm\u00e1nyzat internetes oldal\u00e1n k\u00f6zz\u00e9tett elektronikus \u0171rlap kit\u00f6lt\u00e9s\u00e9vel.<\/p>\n\n\n\n<p>2.\/ pap\u00edr alapon a t\u00e1j\u00e9koztat\u00f3 h\u00e1toldal\u00e1n tal\u00e1lhat\u00f3 adatlap ( <a rel=\"noreferrer noopener\" href=\"https:\/\/www.salgotarjan.hu\/wp-content\/uploads\/20210614_ebosszeiras_adatlap.pdf\" target=\"_blank\">a pdf nyomtatv\u00e1ny let\u00f6lt\u00e9s\u00e9hez kattintson ide<\/a> ) kit\u00f6lt\u00e9s\u00e9vel \u00e9s a kit\u00f6lt\u00f6tt adatlap bek\u00fcld\u00e9s\u00e9vel (Salg\u00f3tarj\u00e1n MJV Polg\u00e1rmesteri Hivatala Hat\u00f3s\u00e1gi Iroda &#8211; 3100 Salg\u00f3tarj\u00e1n, M\u00fazeum t\u00e9r 1.) vagy szem\u00e9lyes lead\u00e1s\u00e1val (a V\u00e1rosh\u00e1za f\u00f6ldszintj\u00e9n elhelyezett gy\u0171jt\u0151l\u00e1d\u00e1ba bedobva).<\/p>\n\n\n\n<p>Aki mulaszt\u00e1s\u00e1val az \u00e1llatok v\u00e9delm\u00e9re, k\u00edm\u00e9let\u00e9re vonatkoz\u00f3 jogszab\u00e1ly el\u0151\u00edr\u00e1sait megs\u00e9rti, vagy annak nem tesz eleget \u2013 k\u00fcl\u00f6n\u00f6s tekintettel a k\u00f6telez\u0151en el\u0151\u00edrt adatszolg\u00e1ltat\u00e1s elmulaszt\u00e1s\u00e1ra \u2013 az \u00e1llatok v\u00e9delm\u00e9r\u0151l \u00e9s k\u00edm\u00e9let\u00e9r\u0151l sz\u00f3l\u00f3 1998. \u00e9vi XXVIII. t\u00f6rv\u00e9ny rendelkez\u00e9seinek \u00e9rtelm\u00e9ben \u00e1llatv\u00e9delmi b\u00edrs\u00e1got k\u00f6teles fizetni.<\/p>\n\n\n\n<p><strong>A b\u00edrs\u00e1g m\u00e9rt\u00e9ke 30.000 Ft.<\/strong><\/p>\n\n\n\n<p>Az \u00f6ssze\u00edr\u00e1ssal kapcsolatban tov\u00e1bbi inform\u00e1ci\u00f3, felvil\u00e1gos\u00edt\u00e1s k\u00e9rhet\u0151 Salg\u00f3tarj\u00e1n Megyei Jog\u00fa V\u00e1ros Polg\u00e1rmesteri Hivatal Hat\u00f3s\u00e1gi Irod\u00e1j\u00e1n (telefonon: (32) 422-397, e-mail: <a href=\"mailto:hatosag@salgotarjan.hu\">hatosag@salgotarjan.hu<\/a> ).<\/p>\n\n\n\n<p>Salg\u00f3tarj\u00e1n, 2021. szeptember 9.<\/p>\n\n\n\n<p><strong>Dr. Romh\u00e1nyi Katalin<\/strong><br>jegyz\u0151<\/p>\n","protected":false},"excerpt":{"rendered":"<p>Tisztelt salg\u00f3tarj\u00e1ni Ebtart\u00f3k! Salg\u00f3tarj\u00e1n Megyei Jog\u00fa V\u00e1ros \u00d6nkorm\u00e1nyzata \u2013 jogszab\u00e1lyi k\u00f6telezetts\u00e9g\u00e9nek eleget t\u00e9ve \u2013 Salg\u00f3tarj\u00e1n k\u00f6zigazgat\u00e1si ter\u00fclet\u00e9n eb\u00f6ssze\u00edr\u00e1st v\u00e9gez. Az eb\u00f6ssze\u00edr\u00e1s sor\u00e1n az ebtart\u00f3k 2021. augusztus 31-ig voltak k\u00f6telesek a Salg\u00f3tarj\u00e1nban tartott ebekr\u0151l adatokat szolg\u00e1ltatni \u00e9s azokat az \u00f6nkorm\u00e1nyzat rendelkez\u00e9s\u00e9re bocs\u00e1tani. Az adatszolg\u00e1ltat\u00e1si k\u00f6telezetts\u00e9g teljes\u00edt\u00e9s\u00e9nek ellen\u0151rz\u00e9s\u00e9t a Polg\u00e1rmesteri Hivatal munkat\u00e1rsai megkezdt\u00e9k! Azon ebtart\u00f3k akik a &#8230; <a title=\"2021. \u00e9vi eb\u00f6ssze\u00edr\u00e1s\" class=\"read-more\" href=\"https:\/\/www.salgotarjan.hu\/?p=11970\" aria-label=\"Read more about 2021. \u00e9vi eb\u00f6ssze\u00edr\u00e1s\">Olvass tov\u00e1bb<\/a><\/p>\n","protected":false},"author":7,"featured_media":12217,"comment_status":"closed","ping_status":"closed","sticky":false,"template":"","format":"standard","meta":{"footnotes":""},"categories":[1],"tags":[],"class_list":["post-11970","post","type-post","status-publish","format-standard","has-post-thumbnail","hentry","category-egyebek"],"_links":{"self":[{"href":"https:\/\/www.salgotarjan.hu\/index.php?rest_route=\/wp\/v2\/posts\/11970","targetHints":{"allow":["GET"]}}],"collection":[{"href":"https:\/\/www.salgotarjan.hu\/index.php?rest_route=\/wp\/v2\/posts"}],"about":[{"href":"https:\/\/www.salgotarjan.hu\/index.php?rest_route=\/wp\/v2\/types\/post"}],"author":[{"embeddable":true,"href":"https:\/\/www.salgotarjan.hu\/index.php?rest_route=\/wp\/v2\/users\/7"}],"replies":[{"embeddable":true,"href":"https:\/\/www.salgotarjan.hu\/index.php?rest_route=%2Fwp%2Fv2%2Fcomments&post=11970"}],"version-history":[{"count":1,"href":"https:\/\/www.salgotarjan.hu\/index.php?rest_route=\/wp\/v2\/posts\/11970\/revisions"}],"predecessor-version":[{"id":12407,"href":"https:\/\/www.salgotarjan.hu\/index.php?rest_route=\/wp\/v2\/posts\/11970\/revisions\/12407"}],"wp:featuredmedia":[{"embeddable":true,"href":"https:\/\/www.salgotarjan.hu\/index.php?rest_route=\/wp\/v2\/media\/12217"}],"wp:attachment":[{"href":"https:\/\/www.salgotarjan.hu\/index.php?rest_route=%2Fwp%2Fv2%2Fmedia&parent=11970"}],"wp:term":[{"taxonomy":"category","embeddable":true,"href":"https:\/\/www.salgotarjan.hu\/index.php?rest_route=%2Fwp%2Fv2%2Fcategories&post=11970"},{"taxonomy":"post_tag","embeddable":true,"href":"https:\/\/www.salgotarjan.hu\/index.php?rest_route=%2Fwp%2Fv2%2Ftags&post=11970"}],"curies":[{"name":"wp","href":"https:\/\/api.w.org\/{rel}","templated":true}]}}