{"id":11823,"date":"2021-04-06T19:30:33","date_gmt":"2021-04-06T17:30:33","guid":{"rendered":"https:\/\/www.salgotarjan.hu\/?p=11823"},"modified":"2021-11-15T12:08:23","modified_gmt":"2021-11-15T11:08:23","slug":"polgarmesteri-kozlemeny-14","status":"publish","type":"post","link":"https:\/\/www.salgotarjan.hu\/?p=11823","title":{"rendered":"Polg\u00e1rmesteri k\u00f6zlem\u00e9ny"},"content":{"rendered":"\n<p><em>Fekete Zsolt polg\u00e1rmester k\u00f6zlem\u00e9nye:<\/em><\/p>\n\n\n\n<p><strong>Tisztelt Salg\u00f3tarj\u00e1niak!<\/strong><br><br>A minisztereln\u00f6k mai bejelent\u00e9se \u00e9rtelm\u00e9ben holnapt\u00f3l (szerd\u00e1t\u00f3l) az al\u00e1bbi v\u00e1ltoz\u00e1sok l\u00e9pnek \u00e9letbe:<\/p>\n\n\n\n<ul class=\"wp-block-list\"><li>a kij\u00e1r\u00e1si tilalom este 10-t\u0151l tart reggel 5-ig,<\/li><li>az \u00fczletek reggel 5 \u00e9s este 10 \u00f3ra k\u00f6z\u00f6tt tarthatnak nyitva,<\/li><li>az \u00fczletekben l\u00e9tsz\u00e1mkorl\u00e1toz\u00e1s l\u00e9p \u00e9letbe, 10 n\u00e9gyzetm\u00e9terenk\u00e9nt egy v\u00e1s\u00e1rl\u00f3 tart\u00f3zkodhat bent,<\/li><li>a szolg\u00e1ltat\u00f3k kinyithatnak (a vend\u00e9gl\u00e1t\u00f3 egys\u00e9gekre \u00e9s a sz\u00e1llod\u00e1kra tov\u00e1bbra is a kor\u00e1bbi szab\u00e1lyoz\u00e1s vonatkozik)<\/li><li>a tervek szerint az \u00f3vod\u00e1k \u00e9s az iskol\u00e1k \u00e1prilis 19-\u00e9n indulnak \u00fajra.<\/li><\/ul>\n\n\n\n<p>A r\u00e9szletszab\u00e1lyokr\u00f3l a Magyar K\u00f6zl\u00f6nyb\u0151l t\u00e1j\u00e9koz\u00f3dhatnak.<br>K\u00e9rek mindenkit, regisztr\u00e1ljon a koronav\u00edrus elleni v\u00e9d\u0151olt\u00e1s\u00e9rt a <a href=\"https:\/\/vakcinainfo.gov.hu\/\" target=\"_blank\" rel=\"noreferrer noopener\">vakcinainfo.gov.hu<\/a> weboldalon!<\/p>\n\n\n\n<p>K\u00e9rem, tov\u00e1bbra is vigy\u00e1zzanak egym\u00e1sra!<br>Vigy\u00e1zzunk egym\u00e1sra!<\/p>\n","protected":false},"excerpt":{"rendered":"<p>Fekete Zsolt polg\u00e1rmester k\u00f6zlem\u00e9nye: Tisztelt Salg\u00f3tarj\u00e1niak! A minisztereln\u00f6k mai bejelent\u00e9se \u00e9rtelm\u00e9ben holnapt\u00f3l (szerd\u00e1t\u00f3l) az al\u00e1bbi v\u00e1ltoz\u00e1sok l\u00e9pnek \u00e9letbe: a kij\u00e1r\u00e1si tilalom este 10-t\u0151l tart reggel 5-ig, az \u00fczletek reggel 5 \u00e9s este 10 \u00f3ra k\u00f6z\u00f6tt tarthatnak nyitva, az \u00fczletekben l\u00e9tsz\u00e1mkorl\u00e1toz\u00e1s l\u00e9p \u00e9letbe, 10 n\u00e9gyzetm\u00e9terenk\u00e9nt egy v\u00e1s\u00e1rl\u00f3 tart\u00f3zkodhat bent, a szolg\u00e1ltat\u00f3k kinyithatnak (a vend\u00e9gl\u00e1t\u00f3 egys\u00e9gekre \u00e9s &#8230; <a title=\"Polg\u00e1rmesteri k\u00f6zlem\u00e9ny\" class=\"read-more\" href=\"https:\/\/www.salgotarjan.hu\/?p=11823\" aria-label=\"Read more about Polg\u00e1rmesteri k\u00f6zlem\u00e9ny\">Olvass tov\u00e1bb<\/a><\/p>\n","protected":false},"author":7,"featured_media":0,"comment_status":"closed","ping_status":"closed","sticky":false,"template":"","format":"standard","meta":{"footnotes":""},"categories":[10],"tags":[],"class_list":["post-11823","post","type-post","status-publish","format-standard","hentry","category-hirek-aktualitasok"],"_links":{"self":[{"href":"https:\/\/www.salgotarjan.hu\/index.php?rest_route=\/wp\/v2\/posts\/11823","targetHints":{"allow":["GET"]}}],"collection":[{"href":"https:\/\/www.salgotarjan.hu\/index.php?rest_route=\/wp\/v2\/posts"}],"about":[{"href":"https:\/\/www.salgotarjan.hu\/index.php?rest_route=\/wp\/v2\/types\/post"}],"author":[{"embeddable":true,"href":"https:\/\/www.salgotarjan.hu\/index.php?rest_route=\/wp\/v2\/users\/7"}],"replies":[{"embeddable":true,"href":"https:\/\/www.salgotarjan.hu\/index.php?rest_route=%2Fwp%2Fv2%2Fcomments&post=11823"}],"version-history":[{"count":1,"href":"https:\/\/www.salgotarjan.hu\/index.php?rest_route=\/wp\/v2\/posts\/11823\/revisions"}],"predecessor-version":[{"id":11824,"href":"https:\/\/www.salgotarjan.hu\/index.php?rest_route=\/wp\/v2\/posts\/11823\/revisions\/11824"}],"wp:attachment":[{"href":"https:\/\/www.salgotarjan.hu\/index.php?rest_route=%2Fwp%2Fv2%2Fmedia&parent=11823"}],"wp:term":[{"taxonomy":"category","embeddable":true,"href":"https:\/\/www.salgotarjan.hu\/index.php?rest_route=%2Fwp%2Fv2%2Fcategories&post=11823"},{"taxonomy":"post_tag","embeddable":true,"href":"https:\/\/www.salgotarjan.hu\/index.php?rest_route=%2Fwp%2Fv2%2Ftags&post=11823"}],"curies":[{"name":"wp","href":"https:\/\/api.w.org\/{rel}","templated":true}]}}