{"id":11812,"date":"2021-04-01T08:03:49","date_gmt":"2021-04-01T06:03:49","guid":{"rendered":"https:\/\/www.salgotarjan.hu\/?p=11812"},"modified":"2021-05-19T13:49:01","modified_gmt":"2021-05-19T11:49:01","slug":"felhivas-ovodai-beiratkozasra-5","status":"publish","type":"post","link":"https:\/\/www.salgotarjan.hu\/?p=11812","title":{"rendered":"Felh\u00edv\u00e1s \u00f3vodai beiratkoz\u00e1sra"},"content":{"rendered":"<p style=\"text-align: center;\"><strong>FELH\u00cdV\u00c1S<\/strong><br \/>\n<strong>\u00d3VODAI BEIRATKOZ\u00c1SRA<\/strong><br \/>\na 2021\/2022. nevel\u00e9si \u00e9vre<\/p>\n<p>ID\u0150PONTOK:<br \/>\n<strong>2021. m\u00e1jus 11. (kedd) 08.00-18.00 \u00f3r\u00e1ig<\/strong><br \/>\n<strong>2021. m\u00e1jus 12. (szerda) 08.00-18.00 \u00f3r\u00e1ig<\/strong><br \/>\n<strong>2021. m\u00e1jus 18. (kedd) 08.00-18.00 \u00f3r\u00e1ig<\/strong><\/p>\n<p>A k\u00f6rzet szerinti k\u00f6zponti-\u00e9s tag\u00f3vod\u00e1kban ezeken a napokon v\u00e1rj\u00e1k a 2021\/2022. nevel\u00e9si \u00e9vre beiratkoz\u00f3kat.<br \/>\nFelh\u00edvom a sz\u00fcl\u0151k figyelm\u00e9t, hogy a nemzeti k\u00f6znevel\u00e9sr\u0151l sz\u00f3l\u00f3 2011. \u00e9vi CXC. t\u00f6rv\u00e9ny szerint a gyermek abban az \u00e9vben, amelynek augusztus 31. napj\u00e1ig a harmadik \u00e9let\u00e9v\u00e9t bet\u00f6lti, a nevel\u00e9si \u00e9v kezd\u0151 napj\u00e1t\u00f3l legal\u00e1bb napi n\u00e9gy \u00f3r\u00e1ban \u00f3vodai foglalkoz\u00e1son k\u00f6teles r\u00e9szt venni. A fent jelzett napokon kell be\u00edratni azokat a gyermekeket, akik 2021. augusztus 31-ig bet\u00f6ltik legal\u00e1bb a 3. \u00e9let\u00e9v\u00fcket \u00e9s \u00f3vodai jogviszonnyal m\u00e9g nem rendelkeznek.<br \/>\nTekintettel a 27\/2021. (I.29.) Korm. rendelettel kihirdetett vesz\u00e9lyhelyzetre, valamint a 19\/2021. (III.10.) EMMI hat\u00e1rozatra a beiratkoz\u00e1s id\u0151pontj\u00e1ban a sz\u00fcl\u0151knek nem sz\u00fcks\u00e9ges szem\u00e9lyesen megjelenni\u00fck az int\u00e9zm\u00e9nyben. Lehet\u0151s\u00e9g van a gyermeket elektronikus \u00faton be\u00edratni az int\u00e9zm\u00e9nybe, ebben az esetben az iratok bemutat\u00e1s\u00e1ra az els\u0151 nevel\u00e9si napon ker\u00fcl sor.<\/p>\n<p style=\"text-align: center;\"><strong>K\u00e9rj\u00fck a Tisztelt Sz\u00fcl\u0151ket, hogy az \u00e9v k\u00f6zbeni felv\u00e9teli ig\u00e9nyeket (azokra a gyermekekre vonatkozik, akik 2021. augusztus 31-e ut\u00e1n t\u00f6ltik be a 3. \u00e9let\u00e9v\u00fcket, vagyis el\u0151felv\u00e9telis jelentkez\u0151k)<\/strong><br \/>\n<strong>is a fenti id\u0151pontban sz\u00edveskedjenek jelezni a tag\u00f3vod\u00e1kban.<\/strong><\/p>\n<p>Az \u00f3voda valamennyi feladatell\u00e1t\u00e1si hely\u00e9n az alap\u00edt\u00f3 okirata alapj\u00e1n biztos\u00edtott az integr\u00e1ltan nevelhet\u0151 saj\u00e1tos nevel\u00e9si ig\u00e9ny\u0171 \u2013 k\u00fcl\u00f6nleges b\u00e1n\u00e1sm\u00f3dot ig\u00e9nyl\u0151, a szak\u00e9rt\u0151i bizotts\u00e1g v\u00e9lem\u00e9nye alapj\u00e1n mozg\u00e1sszervi, \u00e9rz\u00e9kszervi, \u00e9rtelmi vagy besz\u00e9dfogyat\u00e9kos, t\u00f6bb fogyat\u00e9koss\u00e1g egy\u00fcttes el\u0151fordul\u00e1sa eset\u00e9n halmozottan fogyat\u00e9kos, autizmus spektrum zavarral, vagy egy\u00e9b pszich\u00e9s fejl\u0151d\u00e9si zavarral (s\u00falyos tanul\u00e1si, figyelem &#8211; vagy magatart\u00e1sszab\u00e1lyoz\u00e1si zavarral) k\u00fczd\u0151 gyermekek \u00f3vodai nevel\u00e9se.<\/p>\n<p><strong>A beiratkoz\u00e1shoz sz\u00fcks\u00e9ges dokumentumok:<\/strong><br \/>\n\u2022 a gyermek nev\u00e9re ki\u00e1ll\u00edtott szem\u00e9lyazonoss\u00e1got igazol\u00f3 hat\u00f3s\u00e1gi igazolv\u00e1nyokat<br \/>\n\u2022 a sz\u00fcl\u0151 szem\u00e9lyazonoss\u00e1g\u00e1t igazol\u00f3 hat\u00f3s\u00e1gi igazolv\u00e1nyokat \u00e9s lakc\u00edmet igazol\u00f3 hat\u00f3s\u00e1gi igazolv\u00e1ny\u00e1t.<br \/>\nAz \u00f3vodai felv\u00e9telr\u0151l az \u00f3voda vezet\u0151je d\u00f6nt, \u00e9s err\u0151l \u00edr\u00e1sban \u00e9rtes\u00edti a sz\u00fcl\u0151t legk\u00e9s\u0151bb 2021. j\u00fanius 16. napig.<br \/>\nAz \u00f3vodavezet\u0151 felv\u00e9telt elutas\u00edt\u00f3 hat\u00e1rozat\u00e1val szemben jogorvoslattal lehet \u00e9lni, amelyet Salg\u00f3tarj\u00e1n Megyei Jog\u00fa V\u00e1ros jegyz\u0151j\u00e9nek c\u00edmezve, de a d\u00f6nt\u00e9st hoz\u00f3 \u00f3voda c\u00edm\u00e9re kell egy p\u00e9ld\u00e1nyban \u00edr\u00e1sban beny\u00fajtani a hat\u00e1rozat k\u00e9zhezv\u00e9tel\u00e9t\u0151l sz\u00e1m\u00edtott 15 napon bel\u00fcl.<br \/>\nA napi n\u00e9gy \u00f3r\u00e1ban \u00f3vodai nevel\u00e9sre k\u00f6telezett gyermek sz\u00fcl\u0151je, ha gyermeke az \u00f3vodak\u00f6telezetts\u00e9g\u00e9t k\u00fclf\u00f6ld\u00f6n teljes\u00edti, k\u00f6teles arr\u00f3l a beiratkoz\u00e1s idej\u00e9nek utols\u00f3 hat\u00e1rnapj\u00e1t (2021. m\u00e1jus 18.) k\u00f6vet\u0151 tizen\u00f6t napon bel\u00fcl, legk\u00e9s\u0151bb 2021. j\u00fanius 2. napig \u00edr\u00e1sban \u00e9rtes\u00edteni az Oktat\u00e1si Hivatalt. A napi n\u00e9gy \u00f3r\u00e1ban \u00f3vodai nevel\u00e9sre k\u00f6telezett, az \u00f3vod\u00e1val jogviszonyban \u00e1ll\u00f3 gyermek sz\u00fcl\u0151je, ha gyermeke az \u00f3vodak\u00f6telezetts\u00e9g\u00e9t a j\u00f6v\u0151ben k\u00fclf\u00f6ld\u00f6n teljes\u00edti, el\u0151zetesen k\u00f6teles \u00e9rtes\u00edteni az \u00f3vodavezet\u0151t.<br \/>\nA sz\u00fcl\u0151 &#8211; t\u00e1rgy\u00e9v m\u00e1jus 25. napj\u00e1ig beny\u00fajtott &#8211; k\u00e9relme alapj\u00e1n a gyermek jogos \u00e9rdek\u00e9t szem el\u0151tt tartva, annak az \u00e9vnek az augusztus 31. napj\u00e1ig, amelyben a gyermek a negyedik \u00e9let\u00e9v\u00e9t bet\u00f6lti, a megyei korm\u00e1nyhivatal \u00e1ltal\u00e1nos illet\u00e9kess\u00e9ggel elj\u00e1r\u00f3 j\u00e1r\u00e1si hivatala felmentheti az \u00f3vodai foglalkoz\u00e1son val\u00f3 r\u00e9szv\u00e9tel al\u00f3l, ha a gyermek csal\u00e1di k\u00f6r\u00fclm\u00e9nyei, saj\u00e1tos helyzete indokolja.<br \/>\nA szab\u00e1lys\u00e9rt\u00e9sekr\u0151l, a szab\u00e1lys\u00e9rt\u00e9si elj\u00e1r\u00e1sr\u00f3l \u00e9s a szab\u00e1lys\u00e9rt\u00e9si nyilv\u00e1ntart\u00e1si rendszerr\u0151l sz\u00f3l\u00f3 2012. \u00e9vi II. t\u00f6rv\u00e9ny 247.\u00a7-a \u00e9rtelm\u00e9ben az a sz\u00fcl\u0151 vagy t\u00f6rv\u00e9nyes k\u00e9pvisel\u0151, aki a sz\u00fcl\u0151i fel\u00fcgyelete vagy gy\u00e1ms\u00e1ga alatt \u00e1ll\u00f3 gyermeket kell\u0151 id\u0151ben az \u00f3vod\u00e1ba nem \u00edratja be, szab\u00e1lys\u00e9rt\u00e9st k\u00f6vet el.<br \/>\nA Jelentkez\u00e9si lap \u00e9s a k\u00f6rzetjegyz\u00e9k megtal\u00e1lhat\u00f3 a www.salgotarjan.hu illetve a www. stovodak.hu weboldalon.<\/p>\n<p>Salg\u00f3tarj\u00e1n, 2021. m\u00e1rcius 31.<\/p>\n<p><strong>dr. Romh\u00e1nyi Katalin s.k.<\/strong><br \/>\njegyz\u0151<\/p>\n<p>Kapcsol\u00f3d\u00f3 dokumentumok let\u00f6lt\u00e9se:<br \/>\n<a href=\"https:\/\/www.salgotarjan.hu\/wp-content\/uploads\/20210401_jelentkezesi_lap.pdf\" target=\"_blank\" rel=\"noopener\">Jelentkez\u00e9si lap<\/a> (pdf)<br \/>\n<a href=\"https:\/\/www.salgotarjan.hu\/wp-content\/uploads\/20210401_ovodai_korzetek.pdf\" target=\"_blank\" rel=\"noopener\">\u00d3vodai k\u00f6rzetek<\/a> (pdf)<\/p>\n","protected":false},"excerpt":{"rendered":"<p>FELH\u00cdV\u00c1S \u00d3VODAI BEIRATKOZ\u00c1SRA a 2021\/2022. nevel\u00e9si \u00e9vre ID\u0150PONTOK: 2021. m\u00e1jus 11. (kedd) 08.00-18.00 \u00f3r\u00e1ig 2021. m\u00e1jus 12. (szerda) 08.00-18.00 \u00f3r\u00e1ig 2021. m\u00e1jus 18. (kedd) 08.00-18.00 \u00f3r\u00e1ig A k\u00f6rzet szerinti k\u00f6zponti-\u00e9s tag\u00f3vod\u00e1kban ezeken a napokon v\u00e1rj\u00e1k a 2021\/2022. nevel\u00e9si \u00e9vre beiratkoz\u00f3kat. Felh\u00edvom a sz\u00fcl\u0151k figyelm\u00e9t, hogy a nemzeti k\u00f6znevel\u00e9sr\u0151l sz\u00f3l\u00f3 2011. \u00e9vi CXC. t\u00f6rv\u00e9ny szerint a &#8230; <a title=\"Felh\u00edv\u00e1s \u00f3vodai beiratkoz\u00e1sra\" class=\"read-more\" href=\"https:\/\/www.salgotarjan.hu\/?p=11812\" aria-label=\"Read more about Felh\u00edv\u00e1s \u00f3vodai beiratkoz\u00e1sra\">Olvass tov\u00e1bb<\/a><\/p>\n","protected":false},"author":7,"featured_media":0,"comment_status":"closed","ping_status":"closed","sticky":false,"template":"","format":"standard","meta":{"footnotes":""},"categories":[10],"tags":[],"class_list":["post-11812","post","type-post","status-publish","format-standard","hentry","category-hirek-aktualitasok"],"_links":{"self":[{"href":"https:\/\/www.salgotarjan.hu\/index.php?rest_route=\/wp\/v2\/posts\/11812","targetHints":{"allow":["GET"]}}],"collection":[{"href":"https:\/\/www.salgotarjan.hu\/index.php?rest_route=\/wp\/v2\/posts"}],"about":[{"href":"https:\/\/www.salgotarjan.hu\/index.php?rest_route=\/wp\/v2\/types\/post"}],"author":[{"embeddable":true,"href":"https:\/\/www.salgotarjan.hu\/index.php?rest_route=\/wp\/v2\/users\/7"}],"replies":[{"embeddable":true,"href":"https:\/\/www.salgotarjan.hu\/index.php?rest_route=%2Fwp%2Fv2%2Fcomments&post=11812"}],"version-history":[{"count":1,"href":"https:\/\/www.salgotarjan.hu\/index.php?rest_route=\/wp\/v2\/posts\/11812\/revisions"}],"predecessor-version":[{"id":11818,"href":"https:\/\/www.salgotarjan.hu\/index.php?rest_route=\/wp\/v2\/posts\/11812\/revisions\/11818"}],"wp:attachment":[{"href":"https:\/\/www.salgotarjan.hu\/index.php?rest_route=%2Fwp%2Fv2%2Fmedia&parent=11812"}],"wp:term":[{"taxonomy":"category","embeddable":true,"href":"https:\/\/www.salgotarjan.hu\/index.php?rest_route=%2Fwp%2Fv2%2Fcategories&post=11812"},{"taxonomy":"post_tag","embeddable":true,"href":"https:\/\/www.salgotarjan.hu\/index.php?rest_route=%2Fwp%2Fv2%2Ftags&post=11812"}],"curies":[{"name":"wp","href":"https:\/\/api.w.org\/{rel}","templated":true}]}}