{"id":11785,"date":"2021-03-19T14:06:01","date_gmt":"2021-03-19T13:06:01","guid":{"rendered":"https:\/\/www.salgotarjan.hu\/?p=11785"},"modified":"2021-04-16T15:48:07","modified_gmt":"2021-04-16T13:48:07","slug":"vasuti-menetrend-valtozas-4","status":"publish","type":"post","link":"https:\/\/www.salgotarjan.hu\/?p=11785","title":{"rendered":"Vas\u00fati menetrend v\u00e1ltoz\u00e1s"},"content":{"rendered":"\n<p>A M\u00c1V-START Zrt. t\u00e1j\u00e9koztat\u00e1sa szerint 2021. \u00e1prilis 6-t\u00f3l 2021. \u00e1prilis 11-ig a Hatvan \u2013 Somosk\u0151\u00fajfalu \u00e1llom\u00e1sok k\u00f6z\u00f6tt v\u00e9gzett p\u00e1lyakarbantart\u00e1si munk\u00e1k miatt a 81 sz. Hatvan \u2013 Somosk\u0151\u00fajfalu vas\u00fatvonalon valamennyi vonat helyett vonatp\u00f3tl\u00f3 aut\u00f3buszok k\u00f6zlekednek.<\/p>\n\n\n\n<p>Felh\u00edvjuk sz\u00edves figyelm\u00fcket, hogy a vonatp\u00f3tl\u00f3 aut\u00f3buszok \u00fatvonala helyenk\u00e9nt jelent\u0151sen elt\u00e9r a k\u00f6zforgalm\u00fa vas\u00fati menetrendt\u0151l, \u00edgy k\u00fcl\u00f6n\u00f6sen L\u0151rinciben, Selypen, Jobb\u00e1gyiban, Szurdokp\u00fcsp\u00f6kiben, M\u00e1travereb\u00e9lyen, Kistereny\u00e9n, valamint Salg\u00f3tarj\u00e1n k\u00fcls\u0151 vas\u00fat\u00e1llom\u00e1son, ahol a kijel\u00f6lt aut\u00f3busz meg\u00e1ll\u00f3helyeken \u00e1llnak meg a j\u00e1ratok.<\/p>\n\n\n\n<p>Somosk\u0151\u00fajfalu fel\u0151l Hatvanban az 5831 sz. vonatn\u00e1l a F\u00fczesabonyba k\u00f6zleked\u0151 5018 sz. vonathoz a csatlakoz\u00e1s nem biztos\u00edthat\u00f3.<br><br>A r\u00e9szletes M\u00c1V-START hirdetm\u00e9ny let\u00f6lt\u00e9s\u00e9hez <a href=\"https:\/\/www.salgotarjan.hu\/wp-content\/uploads\/20210319_mav_hirdetmeny.pdf\" target=\"_blank\" rel=\"noreferrer noopener\">kattintson ide<\/a> (pdf).<\/p>\n","protected":false},"excerpt":{"rendered":"<p>A M\u00c1V-START Zrt. t\u00e1j\u00e9koztat\u00e1sa szerint 2021. \u00e1prilis 6-t\u00f3l 2021. \u00e1prilis 11-ig a Hatvan \u2013 Somosk\u0151\u00fajfalu \u00e1llom\u00e1sok k\u00f6z\u00f6tt v\u00e9gzett p\u00e1lyakarbantart\u00e1si munk\u00e1k miatt a 81 sz. Hatvan \u2013 Somosk\u0151\u00fajfalu vas\u00fatvonalon valamennyi vonat helyett vonatp\u00f3tl\u00f3 aut\u00f3buszok k\u00f6zlekednek. Felh\u00edvjuk sz\u00edves figyelm\u00fcket, hogy a vonatp\u00f3tl\u00f3 aut\u00f3buszok \u00fatvonala helyenk\u00e9nt jelent\u0151sen elt\u00e9r a k\u00f6zforgalm\u00fa vas\u00fati menetrendt\u0151l, \u00edgy k\u00fcl\u00f6n\u00f6sen L\u0151rinciben, Selypen, Jobb\u00e1gyiban, Szurdokp\u00fcsp\u00f6kiben, &#8230; <a title=\"Vas\u00fati menetrend v\u00e1ltoz\u00e1s\" class=\"read-more\" href=\"https:\/\/www.salgotarjan.hu\/?p=11785\" aria-label=\"Read more about Vas\u00fati menetrend v\u00e1ltoz\u00e1s\">Olvass tov\u00e1bb<\/a><\/p>\n","protected":false},"author":7,"featured_media":0,"comment_status":"closed","ping_status":"closed","sticky":false,"template":"","format":"standard","meta":{"footnotes":""},"categories":[1],"tags":[],"class_list":["post-11785","post","type-post","status-publish","format-standard","hentry","category-egyebek"],"_links":{"self":[{"href":"https:\/\/www.salgotarjan.hu\/index.php?rest_route=\/wp\/v2\/posts\/11785","targetHints":{"allow":["GET"]}}],"collection":[{"href":"https:\/\/www.salgotarjan.hu\/index.php?rest_route=\/wp\/v2\/posts"}],"about":[{"href":"https:\/\/www.salgotarjan.hu\/index.php?rest_route=\/wp\/v2\/types\/post"}],"author":[{"embeddable":true,"href":"https:\/\/www.salgotarjan.hu\/index.php?rest_route=\/wp\/v2\/users\/7"}],"replies":[{"embeddable":true,"href":"https:\/\/www.salgotarjan.hu\/index.php?rest_route=%2Fwp%2Fv2%2Fcomments&post=11785"}],"version-history":[{"count":1,"href":"https:\/\/www.salgotarjan.hu\/index.php?rest_route=\/wp\/v2\/posts\/11785\/revisions"}],"predecessor-version":[{"id":11787,"href":"https:\/\/www.salgotarjan.hu\/index.php?rest_route=\/wp\/v2\/posts\/11785\/revisions\/11787"}],"wp:attachment":[{"href":"https:\/\/www.salgotarjan.hu\/index.php?rest_route=%2Fwp%2Fv2%2Fmedia&parent=11785"}],"wp:term":[{"taxonomy":"category","embeddable":true,"href":"https:\/\/www.salgotarjan.hu\/index.php?rest_route=%2Fwp%2Fv2%2Fcategories&post=11785"},{"taxonomy":"post_tag","embeddable":true,"href":"https:\/\/www.salgotarjan.hu\/index.php?rest_route=%2Fwp%2Fv2%2Ftags&post=11785"}],"curies":[{"name":"wp","href":"https:\/\/api.w.org\/{rel}","templated":true}]}}